{"id":7688,"date":"2024-12-27T07:31:04","date_gmt":"2024-12-27T10:31:04","guid":{"rendered":"https:\/\/rtpd.com.br\/solucoes\/?p=7688"},"modified":"2025-08-06T07:26:26","modified_gmt":"2025-08-06T10:26:26","slug":"anvisa-consulta-publica-requisitos-sanitarios-servicos-odontologicos","status":"publish","type":"post","link":"https:\/\/rtpd.com.br\/solucoes\/index.php\/2024\/12\/27\/anvisa-consulta-publica-requisitos-sanitarios-servicos-odontologicos\/","title":{"rendered":"Anvisa abre consulta p\u00fablica sobre requisitos sanit\u00e1rios para servi\u00e7os odontol\u00f3gicos"},"content":{"rendered":"\t\t<div data-elementor-type=\"wp-post\" data-elementor-id=\"7688\" class=\"elementor elementor-7688\" data-elementor-post-type=\"post\">\n\t\t\t\t\t\t<section class=\"elementor-section elementor-top-section elementor-element elementor-element-1c210d23 elementor-section-content-middle elementor-reverse-mobile elementor-section-stretched elementor-section-boxed elementor-section-height-default elementor-section-height-default\" data-id=\"1c210d23\" data-element_type=\"section\" data-settings=\"{&quot;background_background&quot;:&quot;gradient&quot;,&quot;stretch_section&quot;:&quot;section-stretched&quot;}\">\n\t\t\t\t\t\t\t<div class=\"elementor-background-overlay\"><\/div>\n\t\t\t\t\t\t\t<div class=\"elementor-container elementor-column-gap-default\">\n\t\t\t\t\t<div class=\"elementor-column elementor-col-50 elementor-top-column elementor-element elementor-element-162996dd elementor-invisible\" data-id=\"162996dd\" data-element_type=\"column\" data-settings=\"{&quot;animation&quot;:&quot;fadeInLeft&quot;}\">\n\t\t\t<div class=\"elementor-widget-wrap elementor-element-populated\">\n\t\t\t\t\t\t<div class=\"elementor-element elementor-element-cca7aea elementor-invisible elementor-widget elementor-widget-heading\" data-id=\"cca7aea\" data-element_type=\"widget\" data-settings=\"{&quot;_animation&quot;:&quot;fadeInUp&quot;,&quot;_animation_delay&quot;:200}\" data-widget_type=\"heading.default\">\n\t\t\t\t<div class=\"elementor-widget-container\">\n\t\t\t\t\t<h1 class=\"elementor-heading-title elementor-size-default\">Anvisa abre consulta p\u00fablica sobre requisitos sanit\u00e1rios para servi\u00e7os odontol\u00f3gicos<\/h1>\t\t\t\t<\/div>\n\t\t\t\t<\/div>\n\t\t\t\t<div class=\"elementor-element elementor-element-b3d1941 elementor-invisible elementor-widget elementor-widget-heading\" data-id=\"b3d1941\" data-element_type=\"widget\" data-settings=\"{&quot;_animation&quot;:&quot;fadeInUp&quot;,&quot;_animation_delay&quot;:400}\" data-widget_type=\"heading.default\">\n\t\t\t\t<div class=\"elementor-widget-container\">\n\t\t\t\t\t<div class=\"elementor-heading-title elementor-size-default\"><a href=\"https:\/\/anvisalegis.datalegis.net\/action\/ActionDatalegis.php?acao=abrirTextoAto&amp;link=S&amp;tipo=CPB&amp;numeroAto=00001301&amp;seqAto=222&amp;valorAno=2024&amp;orgao=ANVISA\/MS&amp;cod_modulo=630&amp;cod_menu=9373\" style=\"margin: 0px;padding: 0px;font-size: 1.2rem;line-height: 1.75;border: 0px;vertical-align: baseline\">Consulta P\u00fablica 1.301\/2024<\/a><\/span><span style=\"font-family: rawline, helvetica, arial, sans-serif;font-size: 16px;text-align: justify\"><\/div>\t\t\t\t<\/div>\n\t\t\t\t<\/div>\n\t\t\t\t<div class=\"elementor-element elementor-element-63975afd elementor-widget elementor-widget-text-editor\" data-id=\"63975afd\" data-element_type=\"widget\" data-widget_type=\"text-editor.default\">\n\t\t\t\t<div class=\"elementor-widget-container\">\n\t\t\t\t\t\t\t\t\t<p><span class=\"documentPublished\">Publicado em\u00a0<span class=\"value\">24\/12\/2024 12h29<\/span>\u00a0<\/span><span class=\"documentModified\">Atualizado em\u00a0<span class=\"value\">26\/12\/2024 12h09<\/span><\/span><\/p>\t\t\t\t\t\t\t\t<\/div>\n\t\t\t\t<\/div>\n\t\t\t\t<div class=\"elementor-element elementor-element-72dd070c elementor-widget elementor-widget-text-editor\" data-id=\"72dd070c\" data-element_type=\"widget\" data-widget_type=\"text-editor.default\">\n\t\t\t\t<div class=\"elementor-widget-container\">\n\t\t\t\t\t\t\t\t\t<p><strong>Anvisa<\/strong> abriu, nesta ter\u00e7a-feira <strong>(24\/12)<\/strong>, uma consulta p\u00fablica sobre requisitos sanit\u00e1rios federais para as <strong>boas pr\u00e1ticas de funcionamento<\/strong> dos servi\u00e7os que prestam <strong>assist\u00eancia odontol\u00f3gica<\/strong>.<\/p><p>\u00a0<\/p><p>Proposta est\u00e1 dispon\u00edvel para avalia\u00e7\u00e3o e contribui\u00e7\u00f5es at\u00e9 o dia <strong>24 de mar\u00e7o de 2025.<\/strong><\/p>\t\t\t\t\t\t\t\t<\/div>\n\t\t\t\t<\/div>\n\t\t\t\t\t<\/div>\n\t\t<\/div>\n\t\t\t\t<div class=\"elementor-column elementor-col-50 elementor-top-column elementor-element elementor-element-7dc59791\" data-id=\"7dc59791\" data-element_type=\"column\">\n\t\t\t<div class=\"elementor-widget-wrap elementor-element-populated\">\n\t\t\t\t\t\t<div class=\"elementor-element elementor-element-e28c09e elementor-arrows-position-inside elementor-pagination-position-outside elementor-widget elementor-widget-image-carousel\" data-id=\"e28c09e\" data-element_type=\"widget\" data-settings=\"{&quot;slides_to_show&quot;:&quot;1&quot;,&quot;navigation&quot;:&quot;both&quot;,&quot;autoplay&quot;:&quot;yes&quot;,&quot;pause_on_hover&quot;:&quot;yes&quot;,&quot;pause_on_interaction&quot;:&quot;yes&quot;,&quot;autoplay_speed&quot;:5000,&quot;infinite&quot;:&quot;yes&quot;,&quot;effect&quot;:&quot;slide&quot;,&quot;speed&quot;:500}\" data-widget_type=\"image-carousel.default\">\n\t\t\t\t<div class=\"elementor-widget-container\">\n\t\t\t\t\t\t\t<div class=\"elementor-image-carousel-wrapper swiper\" role=\"region\" aria-roledescription=\"carousel\" aria-label=\"Carrossel de imagens\" dir=\"ltr\">\n\t\t\t<div class=\"elementor-image-carousel swiper-wrapper swiper-image-stretch\" aria-live=\"off\">\n\t\t\t\t\t\t\t\t<div class=\"swiper-slide\" role=\"group\" aria-roledescription=\"slide\" aria-label=\"1 de 1\"><figure class=\"swiper-slide-inner\"><img decoding=\"async\" class=\"swiper-slide-image\" src=\"https:\/\/rtpd.com.br\/solucoes\/wp-content\/uploads\/2024\/09\/POP-Anvvisa.png\" alt=\"POP Anvvisa\" \/><\/figure><\/div>\t\t\t<\/div>\n\t\t\t\t\t<\/div>\n\t\t\t\t\t\t<\/div>\n\t\t\t\t<\/div>\n\t\t\t\t\t<\/div>\n\t\t<\/div>\n\t\t\t\t\t<\/div>\n\t\t<\/section>\n\t\t\t\t<section class=\"elementor-section elementor-inner-section elementor-element elementor-element-5394a964 elementor-section-content-middle elementor-section-boxed elementor-section-height-default elementor-section-height-default elementor-invisible\" data-id=\"5394a964\" data-element_type=\"section\" data-settings=\"{&quot;background_background&quot;:&quot;gradient&quot;,&quot;animation&quot;:&quot;fadeInUp&quot;,&quot;animation_delay&quot;:200}\">\n\t\t\t\t\t\t\t<div class=\"elementor-background-overlay\"><\/div>\n\t\t\t\t\t\t\t<div class=\"elementor-container elementor-column-gap-default\">\n\t\t\t\t\t<div class=\"elementor-column elementor-col-50 elementor-inner-column elementor-element elementor-element-38350962\" data-id=\"38350962\" data-element_type=\"column\">\n\t\t\t<div class=\"elementor-widget-wrap elementor-element-populated\">\n\t\t\t\t\t\t<div class=\"elementor-element elementor-element-1ef00780 elementor-widget elementor-widget-heading\" data-id=\"1ef00780\" data-element_type=\"widget\" data-widget_type=\"heading.default\">\n\t\t\t\t<div class=\"elementor-widget-container\">\n\t\t\t\t\t<h3 class=\"elementor-heading-title elementor-size-default\">Garantia de Conformidade Anvisa<\/h3>\t\t\t\t<\/div>\n\t\t\t\t<\/div>\n\t\t\t\t<div class=\"elementor-element elementor-element-bef57e8 elementor-widget elementor-widget-heading\" data-id=\"bef57e8\" data-element_type=\"widget\" data-widget_type=\"heading.default\">\n\t\t\t\t<div class=\"elementor-widget-container\">\n\t\t\t\t\t<div class=\"elementor-heading-title elementor-size-default\">Nossa plataforma garante que todos os Procedimentos Operacionais Padr\u00e3o (POPs) emitidos est\u00e3o 100% em conformidade com as exig\u00eancias da ANVISA. Cada documento \u00e9 desenvolvido para atender \u00e0s normas de seguran\u00e7a e qualidade, proporcionando tranquilidade em auditorias e garantindo que sua cl\u00ednica odontol\u00f3gica siga as regulamenta\u00e7\u00f5es legais. Com a nossa solu\u00e7\u00e3o, voc\u00ea tem a certeza de estar sempre em dia com a legisla\u00e7\u00e3o, assegurando um ambiente seguro e confi\u00e1vel para seus pacientes e profissionais.<\/div>\t\t\t\t<\/div>\n\t\t\t\t<\/div>\n\t\t\t\t\t<\/div>\n\t\t<\/div>\n\t\t\t\t<div class=\"elementor-column elementor-col-50 elementor-inner-column elementor-element elementor-element-5645f08a\" data-id=\"5645f08a\" data-element_type=\"column\">\n\t\t\t<div class=\"elementor-widget-wrap elementor-element-populated\">\n\t\t\t\t\t\t<div class=\"elementor-element elementor-element-3009a808 elementor-align-right elementor-mobile-align-center elementor-widget elementor-widget-button\" data-id=\"3009a808\" data-element_type=\"widget\" data-widget_type=\"button.default\">\n\t\t\t\t<div class=\"elementor-widget-container\">\n\t\t\t\t\t\t\t\t\t<div class=\"elementor-button-wrapper\">\n\t\t\t\t\t<a class=\"elementor-button elementor-button-link elementor-size-md\" href=\"https:\/\/rtpd.com.br\/vigilancia_sanitaria\/odontologia.php?ANVISA=B1-POST-POPS-ODONTO\">\n\t\t\t\t\t\t<span class=\"elementor-button-content-wrapper\">\n\t\t\t\t\t\t\t\t\t<span class=\"elementor-button-text\">Emitir Agora<\/span>\n\t\t\t\t\t<\/span>\n\t\t\t\t\t<\/a>\n\t\t\t\t<\/div>\n\t\t\t\t\t\t\t\t<\/div>\n\t\t\t\t<\/div>\n\t\t\t\t\t<\/div>\n\t\t<\/div>\n\t\t\t\t\t<\/div>\n\t\t<\/section>\n\t\t\t\t<section class=\"elementor-section elementor-top-section elementor-element elementor-element-6f095a60 elementor-section-stretched elementor-section-boxed elementor-section-height-default elementor-section-height-default\" data-id=\"6f095a60\" data-element_type=\"section\" data-settings=\"{&quot;stretch_section&quot;:&quot;section-stretched&quot;}\">\n\t\t\t\t\t\t<div class=\"elementor-container elementor-column-gap-default\">\n\t\t\t\t\t<div class=\"elementor-column elementor-col-50 elementor-top-column elementor-element elementor-element-2840eb69 elementor-invisible\" data-id=\"2840eb69\" data-element_type=\"column\" data-settings=\"{&quot;background_background&quot;:&quot;classic&quot;,&quot;animation&quot;:&quot;bounceInLeft&quot;}\">\n\t\t\t<div class=\"elementor-widget-wrap elementor-element-populated\">\n\t\t\t\t\t\t<section class=\"elementor-section elementor-inner-section elementor-element elementor-element-28352a9a elementor-section-boxed elementor-section-height-default elementor-section-height-default\" data-id=\"28352a9a\" data-element_type=\"section\" data-settings=\"{&quot;background_background&quot;:&quot;classic&quot;}\">\n\t\t\t\t\t\t<div class=\"elementor-container elementor-column-gap-default\">\n\t\t\t\t\t<div class=\"elementor-column elementor-col-100 elementor-inner-column elementor-element elementor-element-6ed6efe6\" data-id=\"6ed6efe6\" data-element_type=\"column\">\n\t\t\t<div class=\"elementor-widget-wrap elementor-element-populated\">\n\t\t\t\t\t\t<div class=\"elementor-element elementor-element-5922edad elementor-widget elementor-widget-heading\" data-id=\"5922edad\" data-element_type=\"widget\" data-widget_type=\"heading.default\">\n\t\t\t\t<div class=\"elementor-widget-container\">\n\t\t\t\t\t<h2 class=\"elementor-heading-title elementor-size-default\">Anvisa abre consulta p\u00fablica sobre requisitos sanit\u00e1rios para servi\u00e7os odontol\u00f3gicos<\/h2>\t\t\t\t<\/div>\n\t\t\t\t<\/div>\n\t\t\t\t<div class=\"elementor-element elementor-element-126ee45d elementor-widget elementor-widget-text-editor\" data-id=\"126ee45d\" data-element_type=\"widget\" data-widget_type=\"text-editor.default\">\n\t\t\t\t<div class=\"elementor-widget-container\">\n\t\t\t\t\t\t\t\t\t<article>\n<div id=\"content-core\">\n<div id=\"parent-fieldname-text\" class=\"\">\n<div>\n<p>Anvisa abriu, nesta ter\u00e7a-feira (24\/12), uma consulta p\u00fablica sobre requisitos sanit\u00e1rios federais para as boas pr\u00e1ticas de funcionamento dos servi\u00e7os que prestam assist\u00eancia odontol\u00f3gica.<\/p>\n<p><br><\/p><p>A&nbsp;<a href=\"https:\/\/anvisalegis.datalegis.net\/action\/ActionDatalegis.php?acao=abrirTextoAto&amp;link=S&amp;tipo=CPB&amp;numeroAto=00001301&amp;seqAto=222&amp;valorAno=2024&amp;orgao=ANVISA\/MS&amp;cod_modulo=630&amp;cod_menu=9373\">Consulta P\u00fablica 1.301\/2024<\/a>&nbsp;est\u00e1 dispon\u00edvel para avalia\u00e7\u00e3o e contribui\u00e7\u00f5es at\u00e9 o dia 24 de mar\u00e7o de 2025.<\/p><p><br><\/p>\n<p>A proposta \u00e9 de estruturar a\u00e7\u00f5es sanit\u00e1rias em n\u00edvel federal que contribuam para a identifica\u00e7\u00e3o e a redu\u00e7\u00e3o dos riscos relacionados aos servi\u00e7os odontol\u00f3gicos. Apesar da exist\u00eancia de normas transversais aos servi\u00e7os de sa\u00fade, alguns padr\u00f5es espec\u00edficos para a estrutura e processos de trabalho da odontologia, bem como diretrizes especificas para a atua\u00e7\u00e3o do Sistema Nacional de Vigil\u00e2ncia Sanit\u00e1ria (SNVS), ainda n\u00e3o est\u00e3o estabelecidos.<\/p><p><br><\/p>\n<p>A norma em consulta p\u00fablica foi constru\u00edda em conson\u00e2ncia com as diretrizes vigentes da Organiza\u00e7\u00e3o Mundial da Sa\u00fade (OMS) e do Programa Nacional de Seguran\u00e7a do Paciente (PNSP) e com os padr\u00f5es sanit\u00e1rios estabelecidos pelo SNVS. A Ag\u00eancia levou em considera\u00e7\u00e3o ainda os dados de d\u00favidas t\u00e9cnicas e den\u00fancias recebidas entre os anos de 2016 e 2023.<\/p><p><br><\/p>\n<p>No \u00faltimo dia 11 de dezembro, a Diretoria Colegiada da Anvisa aprovou a alternativa regulat\u00f3ria sugerida pela \u00e1rea t\u00e9cnica para o enfrentamento dos problemas relacionados ao&nbsp;<b>\u201cGerenciamento incipiente de riscos sanit\u00e1rios na regula\u00e7\u00e3o da assist\u00eancia odontol\u00f3gica\u201d,&nbsp;<\/b>delimitados durante a fase de An\u00e1lise de Impacto Regulat\u00f3rio (AIR), da qual participaram diversos agentes relacionados ao tema.<\/p><p><br><\/p>\n<p>Al\u00e9m da consulta p\u00fablica, fazem parte dessa alternativa outras a\u00e7\u00f5es, como a produ\u00e7\u00e3o de materiais educativos e de a\u00e7\u00f5es voltadas para a estrutura\u00e7\u00e3o da vigil\u00e2ncia e do monitoramento de eventos adversos relacionados \u00e0 assist\u00eancia odontol\u00f3gica. H\u00e1 ainda a previs\u00e3o da institui\u00e7\u00e3o de uma C\u00e2mara T\u00e9cnica de Assist\u00eancia Odontol\u00f3gica, com o foco principal de sensibiliza\u00e7\u00e3o e compartilhamento de informa\u00e7\u00f5es acerca do gerenciamento do risco sanit\u00e1rio na assist\u00eancia odontol\u00f3gica.<\/p><p><br><\/p>\n<p><\/p>\n<\/div>\n<\/div>\n<\/div>\n<div id=\"formfield-form-widgets-categoria\" class=\"field z3cformInlineValidation\">\n<p><label class=\"horizontal\">Fonte:<\/label><\/p>\n<div id=\"form-widgets-categoria\" class=\"contenttree-widget relationchoice-field\"><a href=\"https:\/\/www.gov.br\/anvisa\/pt-br\/assuntos\/noticias-anvisa\/2024\/anvisa-abre-consulta-publica-sobre-requisitos-sanitarios-para-servicos-odontologicos\" target=\"_blank\">www.gov.br\/anvisa<\/a><\/div>\n<\/div>\n<div class=\"visualClear\">&nbsp;<\/div>\n<div class=\"documentActions\"><i>&nbsp;<\/i><\/div>\n<\/article>\n<div class=\"column\">\n<div id=\"category\">Tags:&nbsp;<a class=\"link-category\" href=\"https:\/\/www.gov.br\/anvisa\/pt-br\/@@search?origem=keyword&amp;SearchableText=consulta%20p%C3%BAblica\">consulta p\u00fablica &nbsp;<\/a><a class=\"link-category\" href=\"https:\/\/www.gov.br\/anvisa\/pt-br\/@@search?origem=keyword&amp;SearchableText=servi%C3%A7os%20de%20sa%C3%BAde\">servi\u00e7os de sa\u00fade &nbsp;<\/a><a class=\"link-category\" href=\"https:\/\/www.gov.br\/anvisa\/pt-br\/@@search?origem=keyword&amp;SearchableText=servi%C3%A7os%20odontol%C3%B3gicos\">servi\u00e7os odontol\u00f3gicos<\/a><\/div>\n<\/div>\t\t\t\t\t\t\t\t<\/div>\n\t\t\t\t<\/div>\n\t\t\t\t\t<\/div>\n\t\t<\/div>\n\t\t\t\t\t<\/div>\n\t\t<\/section>\n\t\t\t\t\t<\/div>\n\t\t<\/div>\n\t\t\t\t<div class=\"elementor-column elementor-col-50 elementor-top-column elementor-element elementor-element-173429e7\" data-id=\"173429e7\" data-element_type=\"column\">\n\t\t\t<div class=\"elementor-widget-wrap elementor-element-populated\">\n\t\t\t\t\t\t<div class=\"elementor-element elementor-element-6055bddd elementor-invisible elementor-widget elementor-widget-image\" data-id=\"6055bddd\" data-element_type=\"widget\" data-settings=\"{&quot;_animation&quot;:&quot;fadeInRight&quot;}\" data-widget_type=\"image.default\">\n\t\t\t\t<div class=\"elementor-widget-container\">\n\t\t\t\t\t\t\t\t\t\t\t\t\t\t\t<img fetchpriority=\"high\" decoding=\"async\" width=\"640\" height=\"451\" src=\"https:\/\/rtpd.com.br\/solucoes\/wp-content\/uploads\/2024\/09\/whatsapp_image_2018-08-31_at_16.25.43.jpeg\" class=\"attachment-full size-full wp-image-7101\" alt=\"A ANVISA exige a implementa\u00e7\u00e3o do POP em cl\u00ednicas odontol\u00f3gicas para garantir a sa\u00fade p\u00fablica e a seguran\u00e7a dos pacientes\" srcset=\"https:\/\/rtpd.com.br\/solucoes\/wp-content\/uploads\/2024\/09\/whatsapp_image_2018-08-31_at_16.25.43.jpeg 640w, https:\/\/rtpd.com.br\/solucoes\/wp-content\/uploads\/2024\/09\/whatsapp_image_2018-08-31_at_16.25.43-300x211.jpeg 300w\" sizes=\"(max-width: 640px) 100vw, 640px\" style=\"width:100%;height:70.47%;max-width:640px\" \/>\t\t\t\t\t\t\t\t\t\t\t\t\t\t\t<\/div>\n\t\t\t\t<\/div>\n\t\t\t\t\t<\/div>\n\t\t<\/div>\n\t\t\t\t\t<\/div>\n\t\t<\/section>\n\t\t\t\t<section class=\"elementor-section elementor-top-section elementor-element elementor-element-7c618f8b elementor-section-stretched elementor-section-boxed elementor-section-height-default elementor-section-height-default\" data-id=\"7c618f8b\" data-element_type=\"section\" data-settings=\"{&quot;background_background&quot;:&quot;gradient&quot;,&quot;stretch_section&quot;:&quot;section-stretched&quot;}\">\n\t\t\t\t\t\t\t<div class=\"elementor-background-overlay\"><\/div>\n\t\t\t\t\t\t\t<div class=\"elementor-container elementor-column-gap-default\">\n\t\t\t\t\t<div class=\"elementor-column elementor-col-100 elementor-top-column elementor-element elementor-element-1f2bb913 elementor-invisible\" data-id=\"1f2bb913\" data-element_type=\"column\" data-settings=\"{&quot;animation&quot;:&quot;fadeInRight&quot;}\">\n\t\t\t<div class=\"elementor-widget-wrap elementor-element-populated\">\n\t\t\t\t\t\t<div class=\"elementor-element elementor-element-2ad75c81 elementor-widget elementor-widget-heading\" data-id=\"2ad75c81\" data-element_type=\"widget\" data-widget_type=\"heading.default\">\n\t\t\t\t<div class=\"elementor-widget-container\">\n\t\t\t\t\t<h2 class=\"elementor-heading-title elementor-size-default\">Conhe\u00e7a o Emissor de POPs no Padr\u00e3o de Qualidade Exigido pela Anvisa<\/h2>\t\t\t\t<\/div>\n\t\t\t\t<\/div>\n\t\t\t\t<div class=\"elementor-element elementor-element-7e9409b0 elementor-widget elementor-widget-text-editor\" data-id=\"7e9409b0\" data-element_type=\"widget\" data-widget_type=\"text-editor.default\">\n\t\t\t\t<div class=\"elementor-widget-container\">\n\t\t\t\t\t\t\t\t\t<p><strong>Sistema de Emiss\u00e3o de Procedimentos Operacionais Padr\u00e3o (POP) para Cl\u00ednicas Odontol\u00f3gicas. <\/strong>Emita documentos de alta qualidade, totalmente alinhados \u00e0s normas da ANVISA, garantindo conformidade, seguran\u00e7a e efici\u00eancia para sua cl\u00ednica odontol\u00f3gica. F\u00e1cil, r\u00e1pido e seguro!<\/p>\t\t\t\t\t\t\t\t<\/div>\n\t\t\t\t<\/div>\n\t\t\t\t<div class=\"elementor-element elementor-element-10f690ef elementor-align-left elementor-mobile-align-center elementor-widget elementor-widget-button\" data-id=\"10f690ef\" data-element_type=\"widget\" data-widget_type=\"button.default\">\n\t\t\t\t<div class=\"elementor-widget-container\">\n\t\t\t\t\t\t\t\t\t<div class=\"elementor-button-wrapper\">\n\t\t\t\t\t<a class=\"elementor-button elementor-button-link elementor-size-md\" href=\"https:\/\/rtpd.com.br\/vigilancia_sanitaria\/odontologia.php?ANVISA=B2-POST-POPS-ODONTO\">\n\t\t\t\t\t\t<span class=\"elementor-button-content-wrapper\">\n\t\t\t\t\t\t\t\t\t<span class=\"elementor-button-text\">Emitir Agora<\/span>\n\t\t\t\t\t<\/span>\n\t\t\t\t\t<\/a>\n\t\t\t\t<\/div>\n\t\t\t\t\t\t\t\t<\/div>\n\t\t\t\t<\/div>\n\t\t\t\t\t<\/div>\n\t\t<\/div>\n\t\t\t\t\t<\/div>\n\t\t<\/section>\n\t\t\t\t<section class=\"elementor-section elementor-top-section elementor-element elementor-element-94511fc elementor-section-stretched elementor-section-boxed elementor-section-height-default elementor-section-height-default elementor-invisible\" data-id=\"94511fc\" data-element_type=\"section\" data-settings=\"{&quot;animation&quot;:&quot;fadeInUp&quot;,&quot;animation_delay&quot;:200,&quot;stretch_section&quot;:&quot;section-stretched&quot;}\">\n\t\t\t\t\t\t<div class=\"elementor-container elementor-column-gap-default\">\n\t\t\t\t\t<div class=\"elementor-column elementor-col-100 elementor-top-column elementor-element elementor-element-eb25f77\" data-id=\"eb25f77\" data-element_type=\"column\">\n\t\t\t<div class=\"elementor-widget-wrap elementor-element-populated\">\n\t\t\t\t\t\t<div class=\"elementor-element elementor-element-ecaead2 elementor-headline--style-highlight elementor-widget elementor-widget-animated-headline\" data-id=\"ecaead2\" data-element_type=\"widget\" data-settings=\"{&quot;highlighted_text&quot;:&quot;Cl\\u00ednica de Odontol\\u00f3gica\\u200b&quot;,&quot;headline_style&quot;:&quot;highlight&quot;,&quot;marker&quot;:&quot;circle&quot;,&quot;loop&quot;:&quot;yes&quot;,&quot;highlight_animation_duration&quot;:1200,&quot;highlight_iteration_delay&quot;:8000}\" data-widget_type=\"animated-headline.default\">\n\t\t\t\t<div class=\"elementor-widget-container\">\n\t\t\t\t\t\t\t<h3 class=\"elementor-headline\">\n\t\t\t\t\t<span class=\"elementor-headline-plain-text elementor-headline-text-wrapper\">Rela\u00e7\u00e3o de POPs para<\/span>\n\t\t\t\t<span class=\"elementor-headline-dynamic-wrapper elementor-headline-text-wrapper\">\n\t\t\t\t\t<span class=\"elementor-headline-dynamic-text elementor-headline-text-active\">Cl\u00ednica de Odontol\u00f3gica\u200b<\/span>\n\t\t\t\t<\/span>\n\t\t\t\t<\/h3>\n\t\t\t\t\t\t<\/div>\n\t\t\t\t<\/div>\n\t\t\t\t<div class=\"elementor-element elementor-element-06c0980 elementor-widget elementor-widget-accordion\" data-id=\"06c0980\" data-element_type=\"widget\" data-widget_type=\"accordion.default\">\n\t\t\t\t<div class=\"elementor-widget-container\">\n\t\t\t\t\t\t\t<div class=\"elementor-accordion\">\n\t\t\t\t\t\t\t<div class=\"elementor-accordion-item\">\n\t\t\t\t\t<div id=\"elementor-tab-title-7081\" class=\"elementor-tab-title\" data-tab=\"1\" role=\"button\" aria-controls=\"elementor-tab-content-7081\" aria-expanded=\"false\">\n\t\t\t\t\t\t\t\t\t\t\t\t\t<span class=\"elementor-accordion-icon elementor-accordion-icon-left\" aria-hidden=\"true\">\n\t\t\t\t\t\t\t\t\t\t\t\t\t\t\t<span class=\"elementor-accordion-icon-closed\"><i class=\"fas fa-caret-down\"><\/i><\/span>\n\t\t\t\t\t\t\t\t<span class=\"elementor-accordion-icon-opened\"><i class=\"fas fa-caret-up\"><\/i><\/span>\n\t\t\t\t\t\t\t\t\t\t\t\t\t\t<\/span>\n\t\t\t\t\t\t\t\t\t\t\t\t<a class=\"elementor-accordion-title\" tabindex=\"0\"> POP \u2013 Aplica\u00e7\u00e3o de Bioestimuladores de Col\u00e1geno<\/a>\n\t\t\t\t\t<\/div>\n\t\t\t\t\t<div id=\"elementor-tab-content-7081\" class=\"elementor-tab-content elementor-clearfix\" data-tab=\"1\" role=\"region\" aria-labelledby=\"elementor-tab-title-7081\"><p>Procedimento est\u00e9tico injet\u00e1vel de subst\u00e2ncias capazes de estimular col\u00e1geno.<\/p><\/div>\n\t\t\t\t<\/div>\n\t\t\t\t\t\t\t<div class=\"elementor-accordion-item\">\n\t\t\t\t\t<div id=\"elementor-tab-title-7082\" class=\"elementor-tab-title\" data-tab=\"2\" role=\"button\" aria-controls=\"elementor-tab-content-7082\" aria-expanded=\"false\">\n\t\t\t\t\t\t\t\t\t\t\t\t\t<span class=\"elementor-accordion-icon elementor-accordion-icon-left\" aria-hidden=\"true\">\n\t\t\t\t\t\t\t\t\t\t\t\t\t\t\t<span class=\"elementor-accordion-icon-closed\"><i class=\"fas fa-caret-down\"><\/i><\/span>\n\t\t\t\t\t\t\t\t<span class=\"elementor-accordion-icon-opened\"><i class=\"fas fa-caret-up\"><\/i><\/span>\n\t\t\t\t\t\t\t\t\t\t\t\t\t\t<\/span>\n\t\t\t\t\t\t\t\t\t\t\t\t<a class=\"elementor-accordion-title\" tabindex=\"0\">POP \u2013 Acondicionamento e Selagem do Instrumental e Material para Esteriliza\u00e7\u00e3o em Autoclave<\/a>\n\t\t\t\t\t<\/div>\n\t\t\t\t\t<div id=\"elementor-tab-content-7082\" class=\"elementor-tab-content elementor-clearfix\" data-tab=\"2\" role=\"region\" aria-labelledby=\"elementor-tab-title-7082\"><p>Consiste no preparo correto da embalagem e selamento dos pacotes de instrumentais e materiais\/artigos odontol\u00f3gicos a serem esterilizados em aparelho que utiliza vapor de \u00e1gua sob press\u00e3o (autoclave).<\/p><p><b>OBJETIVO:<\/b><\/p><p>Impedir a prolifera\u00e7\u00e3o de agentes patol\u00f3gicos, atrav\u00e9s da exist\u00eancia de barreira f\u00edsica eficiente; adequar o acondicionamento e selagem dos pacotes, favorecer a penetra\u00e7\u00e3o de agente esterilizante e ao mesmo tempo, agir como bloqueadores de micro-organismos, assegurando a esteriliza\u00e7\u00e3o at\u00e9 sua abertura e rastreabilidade.<\/p><\/div>\n\t\t\t\t<\/div>\n\t\t\t\t\t\t\t<div class=\"elementor-accordion-item\">\n\t\t\t\t\t<div id=\"elementor-tab-title-7083\" class=\"elementor-tab-title\" data-tab=\"3\" role=\"button\" aria-controls=\"elementor-tab-content-7083\" aria-expanded=\"false\">\n\t\t\t\t\t\t\t\t\t\t\t\t\t<span class=\"elementor-accordion-icon elementor-accordion-icon-left\" aria-hidden=\"true\">\n\t\t\t\t\t\t\t\t\t\t\t\t\t\t\t<span class=\"elementor-accordion-icon-closed\"><i class=\"fas fa-caret-down\"><\/i><\/span>\n\t\t\t\t\t\t\t\t<span class=\"elementor-accordion-icon-opened\"><i class=\"fas fa-caret-up\"><\/i><\/span>\n\t\t\t\t\t\t\t\t\t\t\t\t\t\t<\/span>\n\t\t\t\t\t\t\t\t\t\t\t\t<a class=\"elementor-accordion-title\" tabindex=\"0\">POP \u2013 Clareamento Dental<\/a>\n\t\t\t\t\t<\/div>\n\t\t\t\t\t<div id=\"elementor-tab-content-7083\" class=\"elementor-tab-content elementor-clearfix\" data-tab=\"3\" role=\"region\" aria-labelledby=\"elementor-tab-title-7083\"><p><b>DEFINI\u00c7\u00c3O:<\/b><\/p><p>O clareamento dental \u00e9 um procedimento odontol\u00f3gico est\u00e9tico que visa melhorar a cor dos dentes, deixando-os mais brancos e brilhantes. Ele pode ser realizado por profissionais de odontologia em uma cl\u00ednica odontol\u00f3gica.<\/p><p><b>OBJETIVO:<\/b><\/p><p>O objetivo do clareamento dental \u00e9 remover manchas e descolora\u00e7\u00f5es dos dentes, resultando em um sorriso mais est\u00e9tico e confiante para o paciente.<\/p><\/div>\n\t\t\t\t<\/div>\n\t\t\t\t\t\t\t<div class=\"elementor-accordion-item\">\n\t\t\t\t\t<div id=\"elementor-tab-title-7084\" class=\"elementor-tab-title\" data-tab=\"4\" role=\"button\" aria-controls=\"elementor-tab-content-7084\" aria-expanded=\"false\">\n\t\t\t\t\t\t\t\t\t\t\t\t\t<span class=\"elementor-accordion-icon elementor-accordion-icon-left\" aria-hidden=\"true\">\n\t\t\t\t\t\t\t\t\t\t\t\t\t\t\t<span class=\"elementor-accordion-icon-closed\"><i class=\"fas fa-caret-down\"><\/i><\/span>\n\t\t\t\t\t\t\t\t<span class=\"elementor-accordion-icon-opened\"><i class=\"fas fa-caret-up\"><\/i><\/span>\n\t\t\t\t\t\t\t\t\t\t\t\t\t\t<\/span>\n\t\t\t\t\t\t\t\t\t\t\t\t<a class=\"elementor-accordion-title\" tabindex=\"0\"> POP \u2013 Coloca\u00e7\u00e3o de barreiras de prote\u00e7\u00e3o das superf\u00edcies do equipamento odontol\u00f3gico<\/a>\n\t\t\t\t\t<\/div>\n\t\t\t\t\t<div id=\"elementor-tab-content-7084\" class=\"elementor-tab-content elementor-clearfix\" data-tab=\"4\" role=\"region\" aria-labelledby=\"elementor-tab-title-7084\"><p>A utiliza\u00e7\u00e3o das barreiras para prote\u00e7\u00e3o da superf\u00edcie dos equipamentos odontol\u00f3gicos fornece seguran\u00e7a aos profissionais e pacientes, evitando e\/ou minimizando os riscos \u00e0 sa\u00fade.<\/p><p><b>OBJETIVO:<\/b><\/p><p>Evitar infec\u00e7\u00e3o cruzada entre a dissemina\u00e7\u00e3o de microrganismos pass\u00edveis de transmiss\u00e3o de doen\u00e7as infectocontagiosas entre profissionais e pacientes.<\/p><\/div>\n\t\t\t\t<\/div>\n\t\t\t\t\t\t\t<div class=\"elementor-accordion-item\">\n\t\t\t\t\t<div id=\"elementor-tab-title-7085\" class=\"elementor-tab-title\" data-tab=\"5\" role=\"button\" aria-controls=\"elementor-tab-content-7085\" aria-expanded=\"false\">\n\t\t\t\t\t\t\t\t\t\t\t\t\t<span class=\"elementor-accordion-icon elementor-accordion-icon-left\" aria-hidden=\"true\">\n\t\t\t\t\t\t\t\t\t\t\t\t\t\t\t<span class=\"elementor-accordion-icon-closed\"><i class=\"fas fa-caret-down\"><\/i><\/span>\n\t\t\t\t\t\t\t\t<span class=\"elementor-accordion-icon-opened\"><i class=\"fas fa-caret-up\"><\/i><\/span>\n\t\t\t\t\t\t\t\t\t\t\t\t\t\t<\/span>\n\t\t\t\t\t\t\t\t\t\t\t\t<a class=\"elementor-accordion-title\" tabindex=\"0\"> POP \u2013 Coroa Dent\u00e1ria<\/a>\n\t\t\t\t\t<\/div>\n\t\t\t\t\t<div id=\"elementor-tab-content-7085\" class=\"elementor-tab-content elementor-clearfix\" data-tab=\"5\" role=\"region\" aria-labelledby=\"elementor-tab-title-7085\"><p>Procedimento odontol\u00f3gico que envolve a coloca\u00e7\u00e3o de uma capa protetora sobre um dente danificado ou enfraquecido. A coroa \u00e9 projetada para cobrir todo o dente, desde a linha da gengiva at\u00e9 a ponta, para restaurar sua forma, tamanho, cor e for\u00e7a originais.<\/p><p><b>INDICA\u00c7\u00d5ES:<\/b><\/p><p>\u2022 Dentes com extensa destrui\u00e7\u00e3o.<br \/>\u2022 Dentes com muitas restaura\u00e7\u00f5es.<br \/>\u2022 Necessidade de m\u00e1xima reten\u00e7\u00e3o e estabilidade.<br \/>\u2022 Melhorar o contorno do dente para PPR.<br \/>\u2022 Corrigir o plano oclusal.<br \/>\u2022 Corrigir dentes malposicionados.<br \/>\u2022 Retentor de pr\u00f3tese parcial fixa.<\/p><\/div>\n\t\t\t\t<\/div>\n\t\t\t\t\t\t\t<div class=\"elementor-accordion-item\">\n\t\t\t\t\t<div id=\"elementor-tab-title-7086\" class=\"elementor-tab-title\" data-tab=\"6\" role=\"button\" aria-controls=\"elementor-tab-content-7086\" aria-expanded=\"false\">\n\t\t\t\t\t\t\t\t\t\t\t\t\t<span class=\"elementor-accordion-icon elementor-accordion-icon-left\" aria-hidden=\"true\">\n\t\t\t\t\t\t\t\t\t\t\t\t\t\t\t<span class=\"elementor-accordion-icon-closed\"><i class=\"fas fa-caret-down\"><\/i><\/span>\n\t\t\t\t\t\t\t\t<span class=\"elementor-accordion-icon-opened\"><i class=\"fas fa-caret-up\"><\/i><\/span>\n\t\t\t\t\t\t\t\t\t\t\t\t\t\t<\/span>\n\t\t\t\t\t\t\t\t\t\t\t\t<a class=\"elementor-accordion-title\" tabindex=\"0\"> POP \u2013 Desinfec\u00e7\u00e3o de tubete de anest\u00e9sico em procedimentos semicr\u00edticos e cr\u00edticos<\/a>\n\t\t\t\t\t<\/div>\n\t\t\t\t\t<div id=\"elementor-tab-content-7086\" class=\"elementor-tab-content elementor-clearfix\" data-tab=\"6\" role=\"region\" aria-labelledby=\"elementor-tab-title-7086\"><p>Processo de desinfec\u00e7\u00e3o da superf\u00edcie do tubete anest\u00e9sico como medida de biosseguran\u00e7a com emprego de agente qu\u00edmico, visando elimina\u00e7\u00e3o das formas vegetativas dos microorganismos, exceto esporulados.<\/p><p><b>OBJETIVO:<\/b><\/p><p>Promover a elimina\u00e7\u00e3o de mat\u00e9ria org\u00e2nica e redu\u00e7\u00e3o dos microorganismos da superf\u00edcie externa do tubete anest\u00e9sico, garantindo a seguran\u00e7a no seu manuseio, evitando a dissemina\u00e7\u00e3o dos microorganismos e o risco de infec\u00e7\u00e3o cruzada.<\/p><\/div>\n\t\t\t\t<\/div>\n\t\t\t\t\t\t\t<div class=\"elementor-accordion-item\">\n\t\t\t\t\t<div id=\"elementor-tab-title-7087\" class=\"elementor-tab-title\" data-tab=\"7\" role=\"button\" aria-controls=\"elementor-tab-content-7087\" aria-expanded=\"false\">\n\t\t\t\t\t\t\t\t\t\t\t\t\t<span class=\"elementor-accordion-icon elementor-accordion-icon-left\" aria-hidden=\"true\">\n\t\t\t\t\t\t\t\t\t\t\t\t\t\t\t<span class=\"elementor-accordion-icon-closed\"><i class=\"fas fa-caret-down\"><\/i><\/span>\n\t\t\t\t\t\t\t\t<span class=\"elementor-accordion-icon-opened\"><i class=\"fas fa-caret-up\"><\/i><\/span>\n\t\t\t\t\t\t\t\t\t\t\t\t\t\t<\/span>\n\t\t\t\t\t\t\t\t\t\t\t\t<a class=\"elementor-accordion-title\" tabindex=\"0\"> POP \u2013 Drenagem de Compressor Odontol\u00f3gico<\/a>\n\t\t\t\t\t<\/div>\n\t\t\t\t\t<div id=\"elementor-tab-content-7087\" class=\"elementor-tab-content elementor-clearfix\" data-tab=\"7\" role=\"region\" aria-labelledby=\"elementor-tab-title-7087\"><p>Assegurar o bom funcionamento do compressor e manter seu desempenho.<\/p><p><b>CAMPO DE APLICA\u00c7\u00c3O:<\/b><\/p><p>Unidades de Sa\u00fade da Secretaria Municipal de Sa\u00fade de Ribeir\u00e3o Preto \/ Servi\u00e7o de Odontologia.<\/p><\/div>\n\t\t\t\t<\/div>\n\t\t\t\t\t\t\t<div class=\"elementor-accordion-item\">\n\t\t\t\t\t<div id=\"elementor-tab-title-7088\" class=\"elementor-tab-title\" data-tab=\"8\" role=\"button\" aria-controls=\"elementor-tab-content-7088\" aria-expanded=\"false\">\n\t\t\t\t\t\t\t\t\t\t\t\t\t<span class=\"elementor-accordion-icon elementor-accordion-icon-left\" aria-hidden=\"true\">\n\t\t\t\t\t\t\t\t\t\t\t\t\t\t\t<span class=\"elementor-accordion-icon-closed\"><i class=\"fas fa-caret-down\"><\/i><\/span>\n\t\t\t\t\t\t\t\t<span class=\"elementor-accordion-icon-opened\"><i class=\"fas fa-caret-up\"><\/i><\/span>\n\t\t\t\t\t\t\t\t\t\t\t\t\t\t<\/span>\n\t\t\t\t\t\t\t\t\t\t\t\t<a class=\"elementor-accordion-title\" tabindex=\"0\"> POP \u2013 Endodontia<\/a>\n\t\t\t\t\t<\/div>\n\t\t\t\t\t<div id=\"elementor-tab-content-7088\" class=\"elementor-tab-content elementor-clearfix\" data-tab=\"8\" role=\"region\" aria-labelledby=\"elementor-tab-title-7088\"><p>O tratamento de endodontia, tamb\u00e9m conhecido como tratamento de canal, \u00e9 um procedimento odontol\u00f3gico realizado quando a polpa do dente est\u00e1 infectada, inflamada ou danificada. O objetivo principal \u00e9 remover a polpa comprometida, limpar o canal radicular, desinfetar e selar para preservar a estrutura dent\u00e1ria e aliviar a dor e a infec\u00e7\u00e3o.<\/p><p><b>OBJETIVO:<\/b><\/p><p>O objetivo do tratamento de endodontia \u00e9 salvar o dente e manter sua fun\u00e7\u00e3o normal, prevenindo a propaga\u00e7\u00e3o da infec\u00e7\u00e3o para os tecidos ao redor do dente e evitando a necessidade de extra\u00e7\u00e3o.<\/p><\/div>\n\t\t\t\t<\/div>\n\t\t\t\t\t\t\t<div class=\"elementor-accordion-item\">\n\t\t\t\t\t<div id=\"elementor-tab-title-7089\" class=\"elementor-tab-title\" data-tab=\"9\" role=\"button\" aria-controls=\"elementor-tab-content-7089\" aria-expanded=\"false\">\n\t\t\t\t\t\t\t\t\t\t\t\t\t<span class=\"elementor-accordion-icon elementor-accordion-icon-left\" aria-hidden=\"true\">\n\t\t\t\t\t\t\t\t\t\t\t\t\t\t\t<span class=\"elementor-accordion-icon-closed\"><i class=\"fas fa-caret-down\"><\/i><\/span>\n\t\t\t\t\t\t\t\t<span class=\"elementor-accordion-icon-opened\"><i class=\"fas fa-caret-up\"><\/i><\/span>\n\t\t\t\t\t\t\t\t\t\t\t\t\t\t<\/span>\n\t\t\t\t\t\t\t\t\t\t\t\t<a class=\"elementor-accordion-title\" tabindex=\"0\"> POP \u2013 Extra\u00e7\u00e3o de Sisos<\/a>\n\t\t\t\t\t<\/div>\n\t\t\t\t\t<div id=\"elementor-tab-content-7089\" class=\"elementor-tab-content elementor-clearfix\" data-tab=\"9\" role=\"region\" aria-labelledby=\"elementor-tab-title-7089\"><p>A extra\u00e7\u00e3o de sisos, tamb\u00e9m conhecidos como terceiros molares, \u00e9 um procedimento odontol\u00f3gico que envolve a remo\u00e7\u00e3o de um ou mais dentes molares localizados no fundo da boca. Esses dentes s\u00e3o frequentemente extra\u00eddos devido a problemas de impacta\u00e7\u00e3o, falta de espa\u00e7o ou complica\u00e7\u00f5es dent\u00e1rias.<\/p><p><b>OBJETIVO:<\/b><\/p><p>O objetivo da extra\u00e7\u00e3o de sisos \u00e9 eliminar problemas associados, como dor, infec\u00e7\u00f5es, cistos ou danos a outros dentes. A extra\u00e7\u00e3o pode ser necess\u00e1ria para manter a sa\u00fade bucal do paciente.<\/p><\/div>\n\t\t\t\t<\/div>\n\t\t\t\t\t\t\t<div class=\"elementor-accordion-item\">\n\t\t\t\t\t<div id=\"elementor-tab-title-70810\" class=\"elementor-tab-title\" data-tab=\"10\" role=\"button\" aria-controls=\"elementor-tab-content-70810\" aria-expanded=\"false\">\n\t\t\t\t\t\t\t\t\t\t\t\t\t<span class=\"elementor-accordion-icon elementor-accordion-icon-left\" aria-hidden=\"true\">\n\t\t\t\t\t\t\t\t\t\t\t\t\t\t\t<span class=\"elementor-accordion-icon-closed\"><i class=\"fas fa-caret-down\"><\/i><\/span>\n\t\t\t\t\t\t\t\t<span class=\"elementor-accordion-icon-opened\"><i class=\"fas fa-caret-up\"><\/i><\/span>\n\t\t\t\t\t\t\t\t\t\t\t\t\t\t<\/span>\n\t\t\t\t\t\t\t\t\t\t\t\t<a class=\"elementor-accordion-title\" tabindex=\"0\"> POP \u2013 Extra\u00e7\u00e3o Dent\u00e1ria<\/a>\n\t\t\t\t\t<\/div>\n\t\t\t\t\t<div id=\"elementor-tab-content-70810\" class=\"elementor-tab-content elementor-clearfix\" data-tab=\"10\" role=\"region\" aria-labelledby=\"elementor-tab-title-70810\"><p>A extra\u00e7\u00e3o dent\u00e1ria \u00e9 um procedimento odontol\u00f3gico realizado para remover um dente da boca, seja ele um dente permanente ou um dente dec\u00edduo (dente de leite).<\/p><p><b>OBJETIVO:<\/b><\/p><p>O objetivo da extra\u00e7\u00e3o dent\u00e1ria pode variar, incluindo a remo\u00e7\u00e3o de dentes danificados, comprometidos, impactados, supranumer\u00e1rios ou dentes que causam problemas de alinhamento.<\/p><\/div>\n\t\t\t\t<\/div>\n\t\t\t\t\t\t\t<div class=\"elementor-accordion-item\">\n\t\t\t\t\t<div id=\"elementor-tab-title-70811\" class=\"elementor-tab-title\" data-tab=\"11\" role=\"button\" aria-controls=\"elementor-tab-content-70811\" aria-expanded=\"false\">\n\t\t\t\t\t\t\t\t\t\t\t\t\t<span class=\"elementor-accordion-icon elementor-accordion-icon-left\" aria-hidden=\"true\">\n\t\t\t\t\t\t\t\t\t\t\t\t\t\t\t<span class=\"elementor-accordion-icon-closed\"><i class=\"fas fa-caret-down\"><\/i><\/span>\n\t\t\t\t\t\t\t\t<span class=\"elementor-accordion-icon-opened\"><i class=\"fas fa-caret-up\"><\/i><\/span>\n\t\t\t\t\t\t\t\t\t\t\t\t\t\t<\/span>\n\t\t\t\t\t\t\t\t\t\t\t\t<a class=\"elementor-accordion-title\" tabindex=\"0\"> POP \u2013 Falta de Energia El\u00e9trica<\/a>\n\t\t\t\t\t<\/div>\n\t\t\t\t\t<div id=\"elementor-tab-content-70811\" class=\"elementor-tab-content elementor-clearfix\" data-tab=\"11\" role=\"region\" aria-labelledby=\"elementor-tab-title-70811\"><p>A falta de energia el\u00e9trica \u00e9 a interrup\u00e7\u00e3o inesperada do fornecimento de energia que pode afetar o funcionamento regular de equipamentos e procedimentos em uma cl\u00ednica odontol\u00f3gica.<\/p><p><b>OBJETIVO:<\/b><\/p><p>Garantir a seguran\u00e7a dos pacientes, da equipe e a continuidade dos procedimentos odontol\u00f3gicos durante a falta de energia el\u00e9trica, minimizando poss\u00edveis impactos negativos.<\/p><\/div>\n\t\t\t\t<\/div>\n\t\t\t\t\t\t\t<div class=\"elementor-accordion-item\">\n\t\t\t\t\t<div id=\"elementor-tab-title-70812\" class=\"elementor-tab-title\" data-tab=\"12\" role=\"button\" aria-controls=\"elementor-tab-content-70812\" aria-expanded=\"false\">\n\t\t\t\t\t\t\t\t\t\t\t\t\t<span class=\"elementor-accordion-icon elementor-accordion-icon-left\" aria-hidden=\"true\">\n\t\t\t\t\t\t\t\t\t\t\t\t\t\t\t<span class=\"elementor-accordion-icon-closed\"><i class=\"fas fa-caret-down\"><\/i><\/span>\n\t\t\t\t\t\t\t\t<span class=\"elementor-accordion-icon-opened\"><i class=\"fas fa-caret-up\"><\/i><\/span>\n\t\t\t\t\t\t\t\t\t\t\t\t\t\t<\/span>\n\t\t\t\t\t\t\t\t\t\t\t\t<a class=\"elementor-accordion-title\" tabindex=\"0\">POP \u2013 Fios absorv\u00edveis de polidioxanona (PDO)<\/a>\n\t\t\t\t\t<\/div>\n\t\t\t\t\t<div id=\"elementor-tab-content-70812\" class=\"elementor-tab-content elementor-clearfix\" data-tab=\"12\" role=\"region\" aria-labelledby=\"elementor-tab-title-70812\"><p>A polidioxanona (PDO) \u00e9 um pol\u00edmero sint\u00e9tico, biodegrad\u00e1vel e n\u00e3o alerg\u00eanico. Quando aplicado na pele, dentro de 180 dias o fio sofre hidr\u00f3lise, formando um tecido cicatricial composto de fibras proteicas. Existem v\u00e1rios tipos de fios (lisos, duplos, espiculados, parafusos e de tra\u00e7\u00e3o), e sua aplicabilidade depende do objetivo do tratamento.<\/p><p><b>INDICA\u00c7\u00c3O:<\/b><\/p><p>\u2022 Flacidez facial e corporal<br \/>\u2022 Cicatriz de acne<br \/>\u2022 Rugas periorbiculares<br \/>\u2022 Sulco nasogeniano<br \/>\u2022 Linhas de marionete<br \/>\u2022 Flacidez das sobrancelhas<br \/>\u2022 Melhoramento de textura e luminosidade da pele<\/p><\/div>\n\t\t\t\t<\/div>\n\t\t\t\t\t\t\t<div class=\"elementor-accordion-item\">\n\t\t\t\t\t<div id=\"elementor-tab-title-70813\" class=\"elementor-tab-title\" data-tab=\"13\" role=\"button\" aria-controls=\"elementor-tab-content-70813\" aria-expanded=\"false\">\n\t\t\t\t\t\t\t\t\t\t\t\t\t<span class=\"elementor-accordion-icon elementor-accordion-icon-left\" aria-hidden=\"true\">\n\t\t\t\t\t\t\t\t\t\t\t\t\t\t\t<span class=\"elementor-accordion-icon-closed\"><i class=\"fas fa-caret-down\"><\/i><\/span>\n\t\t\t\t\t\t\t\t<span class=\"elementor-accordion-icon-opened\"><i class=\"fas fa-caret-up\"><\/i><\/span>\n\t\t\t\t\t\t\t\t\t\t\t\t\t\t<\/span>\n\t\t\t\t\t\t\t\t\t\t\t\t<a class=\"elementor-accordion-title\" tabindex=\"0\"> POP \u2013 Fluxo de Atendimento a Intercorr\u00eancias<\/a>\n\t\t\t\t\t<\/div>\n\t\t\t\t\t<div id=\"elementor-tab-content-70813\" class=\"elementor-tab-content elementor-clearfix\" data-tab=\"13\" role=\"region\" aria-labelledby=\"elementor-tab-title-70813\"><p>O POP para fluxo de atendimento a intercorr\u00eancias em odontologia \u00e9 um conjunto de diretrizes que descrevem como a equipe deve lidar com emerg\u00eancias ou complica\u00e7\u00f5es que possam ocorrer durante o atendimento. Essas intercorr\u00eancias podem incluir desde rea\u00e7\u00f5es al\u00e9rgicas at\u00e9 eventos graves, como parada cardiorrespirat\u00f3ria.<\/p><p><b>OBJETIVO:<\/b><\/p><p>O objetivo \u00e9 garantir que a equipe esteja preparada para agir de forma r\u00e1pida e segura em situa\u00e7\u00f5es emergenciais, minimizando riscos para o paciente e garantindo o melhor atendimento poss\u00edvel em casos de complica\u00e7\u00f5es.<\/p><\/div>\n\t\t\t\t<\/div>\n\t\t\t\t\t\t\t<div class=\"elementor-accordion-item\">\n\t\t\t\t\t<div id=\"elementor-tab-title-70814\" class=\"elementor-tab-title\" data-tab=\"14\" role=\"button\" aria-controls=\"elementor-tab-content-70814\" aria-expanded=\"false\">\n\t\t\t\t\t\t\t\t\t\t\t\t\t<span class=\"elementor-accordion-icon elementor-accordion-icon-left\" aria-hidden=\"true\">\n\t\t\t\t\t\t\t\t\t\t\t\t\t\t\t<span class=\"elementor-accordion-icon-closed\"><i class=\"fas fa-caret-down\"><\/i><\/span>\n\t\t\t\t\t\t\t\t<span class=\"elementor-accordion-icon-opened\"><i class=\"fas fa-caret-up\"><\/i><\/span>\n\t\t\t\t\t\t\t\t\t\t\t\t\t\t<\/span>\n\t\t\t\t\t\t\t\t\t\t\t\t<a class=\"elementor-accordion-title\" tabindex=\"0\"> POP \u2013 Implante Dent\u00e1rio<\/a>\n\t\t\t\t\t<\/div>\n\t\t\t\t\t<div id=\"elementor-tab-content-70814\" class=\"elementor-tab-content elementor-clearfix\" data-tab=\"14\" role=\"region\" aria-labelledby=\"elementor-tab-title-70814\"><p>O implante dent\u00e1rio \u00e9 um procedimento cir\u00fargico que envolve a substitui\u00e7\u00e3o de uma ou mais ra\u00edzes de dentes ausentes por implantes de tit\u00e2nio. Esses implantes s\u00e3o colocados no osso maxilar ou mandibular e servem como base s\u00f3lida para a fixa\u00e7\u00e3o de pr\u00f3teses dent\u00e1rias, restaurando a fun\u00e7\u00e3o mastigat\u00f3ria e a est\u00e9tica do sorriso.<\/p><p><b>OBJETIVO:<\/b><\/p><p>O objetivo do implante dent\u00e1rio \u00e9 restaurar a fun\u00e7\u00e3o e a est\u00e9tica dos dentes perdidos, oferecendo uma solu\u00e7\u00e3o duradoura e est\u00e1vel, permitindo que os pacientes recuperem a capacidade de mastigar adequadamente e melhorem a apar\u00eancia natural do sorriso.<\/p><\/div>\n\t\t\t\t<\/div>\n\t\t\t\t\t\t\t<div class=\"elementor-accordion-item\">\n\t\t\t\t\t<div id=\"elementor-tab-title-70815\" class=\"elementor-tab-title\" data-tab=\"15\" role=\"button\" aria-controls=\"elementor-tab-content-70815\" aria-expanded=\"false\">\n\t\t\t\t\t\t\t\t\t\t\t\t\t<span class=\"elementor-accordion-icon elementor-accordion-icon-left\" aria-hidden=\"true\">\n\t\t\t\t\t\t\t\t\t\t\t\t\t\t\t<span class=\"elementor-accordion-icon-closed\"><i class=\"fas fa-caret-down\"><\/i><\/span>\n\t\t\t\t\t\t\t\t<span class=\"elementor-accordion-icon-opened\"><i class=\"fas fa-caret-up\"><\/i><\/span>\n\t\t\t\t\t\t\t\t\t\t\t\t\t\t<\/span>\n\t\t\t\t\t\t\t\t\t\t\t\t<a class=\"elementor-accordion-title\" tabindex=\"0\"> POP \u2013 Higieniza\u00e7\u00e3o das M\u00e3os<\/a>\n\t\t\t\t\t<\/div>\n\t\t\t\t\t<div id=\"elementor-tab-content-70815\" class=\"elementor-tab-content elementor-clearfix\" data-tab=\"15\" role=\"region\" aria-labelledby=\"elementor-tab-title-70815\"><p>A higieniza\u00e7\u00e3o das m\u00e3os \u00e9 a medida individual mais simples e menos dispendiosa para prevenir a propaga\u00e7\u00e3o das infec\u00e7\u00f5es relacionadas \u00e0 assist\u00eancia \u00e0 sa\u00fade.<\/p><p><b>OBJETIVO:<\/b><\/p><p>\u2022 Remover a sujidade e outros res\u00edduos<br \/>\u2022 Reduzir a microbiota transit\u00f3ria<br \/>\u2022 Prevenir a transmiss\u00e3o de microorganismos patog\u00eanicos (infec\u00e7\u00e3o cruzada)<\/p><\/div>\n\t\t\t\t<\/div>\n\t\t\t\t\t\t\t<div class=\"elementor-accordion-item\">\n\t\t\t\t\t<div id=\"elementor-tab-title-70816\" class=\"elementor-tab-title\" data-tab=\"16\" role=\"button\" aria-controls=\"elementor-tab-content-70816\" aria-expanded=\"false\">\n\t\t\t\t\t\t\t\t\t\t\t\t\t<span class=\"elementor-accordion-icon elementor-accordion-icon-left\" aria-hidden=\"true\">\n\t\t\t\t\t\t\t\t\t\t\t\t\t\t\t<span class=\"elementor-accordion-icon-closed\"><i class=\"fas fa-caret-down\"><\/i><\/span>\n\t\t\t\t\t\t\t\t<span class=\"elementor-accordion-icon-opened\"><i class=\"fas fa-caret-up\"><\/i><\/span>\n\t\t\t\t\t\t\t\t\t\t\t\t\t\t<\/span>\n\t\t\t\t\t\t\t\t\t\t\t\t<a class=\"elementor-accordion-title\" tabindex=\"0\"> POP \u2013 Jato de Plasma<\/a>\n\t\t\t\t\t<\/div>\n\t\t\t\t\t<div id=\"elementor-tab-content-70816\" class=\"elementor-tab-content elementor-clearfix\" data-tab=\"16\" role=\"region\" aria-labelledby=\"elementor-tab-title-70816\"><p>Trata-se de um procedimento de eletroestimula\u00e7\u00e3o que provoca microles\u00f5es por meio de um processo inflamat\u00f3rio controlado, com a finalidade de estimular o col\u00e1geno e promover cicatriza\u00e7\u00e3o tecidual. O jato de plasma utiliza um equipamento de corrente com alta tens\u00e3o e alta intensidade, enquanto o eletrocaut\u00e9rio utiliza corrente alternada de baixa tens\u00e3o e alta intensidade.<\/p><p><b>INDICA\u00c7\u00c3O:<\/b><\/p><p>\u2022 Rugas e linhas de express\u00e3o<br \/>\u2022 Est\u00edmulo de col\u00e1geno<br \/>\u2022 P\u00e1lpebras fl\u00e1cidas<br \/>\u2022 Rejuvenescimento<br \/>\u2022 Cicatrizes de acne<br \/>\u2022 Estrias<br \/>\u2022 Cicatrizes<br \/>\u2022 Remo\u00e7\u00e3o de verrugas<\/p><\/div>\n\t\t\t\t<\/div>\n\t\t\t\t\t\t\t<div class=\"elementor-accordion-item\">\n\t\t\t\t\t<div id=\"elementor-tab-title-70817\" class=\"elementor-tab-title\" data-tab=\"17\" role=\"button\" aria-controls=\"elementor-tab-content-70817\" aria-expanded=\"false\">\n\t\t\t\t\t\t\t\t\t\t\t\t\t<span class=\"elementor-accordion-icon elementor-accordion-icon-left\" aria-hidden=\"true\">\n\t\t\t\t\t\t\t\t\t\t\t\t\t\t\t<span class=\"elementor-accordion-icon-closed\"><i class=\"fas fa-caret-down\"><\/i><\/span>\n\t\t\t\t\t\t\t\t<span class=\"elementor-accordion-icon-opened\"><i class=\"fas fa-caret-up\"><\/i><\/span>\n\t\t\t\t\t\t\t\t\t\t\t\t\t\t<\/span>\n\t\t\t\t\t\t\t\t\t\t\t\t<a class=\"elementor-accordion-title\" tabindex=\"0\"> POP \u2013 Limpeza e Desinfec\u00e7\u00e3o de Intrumentais Odontol\u00f3gicos<\/a>\n\t\t\t\t\t<\/div>\n\t\t\t\t\t<div id=\"elementor-tab-content-70817\" class=\"elementor-tab-content elementor-clearfix\" data-tab=\"17\" role=\"region\" aria-labelledby=\"elementor-tab-title-70817\"><p>Promover a limpeza e desinfec\u00e7\u00e3o de instrumentais usados em odontologia que n\u00e3o s\u00e3o pass\u00edveis de esteriliza\u00e7\u00e3o a vapor (autoclavagem).<\/p><p><b>CAMPO DE APLICA\u00c7\u00c3O:<\/b><\/p><p>Servi\u00e7o de Odontologia.<\/p><\/div>\n\t\t\t\t<\/div>\n\t\t\t\t\t\t\t<div class=\"elementor-accordion-item\">\n\t\t\t\t\t<div id=\"elementor-tab-title-70818\" class=\"elementor-tab-title\" data-tab=\"18\" role=\"button\" aria-controls=\"elementor-tab-content-70818\" aria-expanded=\"false\">\n\t\t\t\t\t\t\t\t\t\t\t\t\t<span class=\"elementor-accordion-icon elementor-accordion-icon-left\" aria-hidden=\"true\">\n\t\t\t\t\t\t\t\t\t\t\t\t\t\t\t<span class=\"elementor-accordion-icon-closed\"><i class=\"fas fa-caret-down\"><\/i><\/span>\n\t\t\t\t\t\t\t\t<span class=\"elementor-accordion-icon-opened\"><i class=\"fas fa-caret-up\"><\/i><\/span>\n\t\t\t\t\t\t\t\t\t\t\t\t\t\t<\/span>\n\t\t\t\t\t\t\t\t\t\t\t\t<a class=\"elementor-accordion-title\" tabindex=\"0\">POP \u2013 Limpeza e Desinfec\u00e7\u00e3o de Superf\u00edcies<\/a>\n\t\t\t\t\t<\/div>\n\t\t\t\t\t<div id=\"elementor-tab-content-70818\" class=\"elementor-tab-content elementor-clearfix\" data-tab=\"18\" role=\"region\" aria-labelledby=\"elementor-tab-title-70818\"><p>Limpeza: remo\u00e7\u00e3o, por meio mec\u00e2nico e\/ou f\u00edsico, da sujidade depositada nas superf\u00edcies inertes, que serve de suporte para microrganismos. Desinfec\u00e7\u00e3o: elimina\u00e7\u00e3o de microrganismos em superf\u00edcies limpas atrav\u00e9s de agentes f\u00edsicos ou qu\u00edmicos.<\/p><p><b>OBJETIVO:<\/b><\/p><p>Remover res\u00edduos org\u00e2nicos e inorg\u00e2nicos de superf\u00edcies fixas e bancadas, promovendo a destrui\u00e7\u00e3o de microrganismos para evitar sua dissemina\u00e7\u00e3o.<\/p><\/div>\n\t\t\t\t<\/div>\n\t\t\t\t\t\t\t<div class=\"elementor-accordion-item\">\n\t\t\t\t\t<div id=\"elementor-tab-title-70819\" class=\"elementor-tab-title\" data-tab=\"19\" role=\"button\" aria-controls=\"elementor-tab-content-70819\" aria-expanded=\"false\">\n\t\t\t\t\t\t\t\t\t\t\t\t\t<span class=\"elementor-accordion-icon elementor-accordion-icon-left\" aria-hidden=\"true\">\n\t\t\t\t\t\t\t\t\t\t\t\t\t\t\t<span class=\"elementor-accordion-icon-closed\"><i class=\"fas fa-caret-down\"><\/i><\/span>\n\t\t\t\t\t\t\t\t<span class=\"elementor-accordion-icon-opened\"><i class=\"fas fa-caret-up\"><\/i><\/span>\n\t\t\t\t\t\t\t\t\t\t\t\t\t\t<\/span>\n\t\t\t\t\t\t\t\t\t\t\t\t<a class=\"elementor-accordion-title\" tabindex=\"0\"> POP \u2013 Limpeza e Desinfec\u00e7\u00e3o de Almotolias<\/a>\n\t\t\t\t\t<\/div>\n\t\t\t\t\t<div id=\"elementor-tab-content-70819\" class=\"elementor-tab-content elementor-clearfix\" data-tab=\"19\" role=\"region\" aria-labelledby=\"elementor-tab-title-70819\"><p>Consiste na remo\u00e7\u00e3o, por meio qu\u00edmico ou mec\u00e2nico, da sujidade depositada nas almotolias para a elimina\u00e7\u00e3o e destrui\u00e7\u00e3o de microrganismos, patog\u00eanicos ou n\u00e3o, em sua forma vegetativa.<\/p><p><b>OBJETIVO:<\/b><\/p><p>Remover sujidades e res\u00edduos de mat\u00e9ria org\u00e2nica das almotolias para prevenir e controlar infec\u00e7\u00f5es cruzadas.<\/p><\/div>\n\t\t\t\t<\/div>\n\t\t\t\t\t\t\t<div class=\"elementor-accordion-item\">\n\t\t\t\t\t<div id=\"elementor-tab-title-70820\" class=\"elementor-tab-title\" data-tab=\"20\" role=\"button\" aria-controls=\"elementor-tab-content-70820\" aria-expanded=\"false\">\n\t\t\t\t\t\t\t\t\t\t\t\t\t<span class=\"elementor-accordion-icon elementor-accordion-icon-left\" aria-hidden=\"true\">\n\t\t\t\t\t\t\t\t\t\t\t\t\t\t\t<span class=\"elementor-accordion-icon-closed\"><i class=\"fas fa-caret-down\"><\/i><\/span>\n\t\t\t\t\t\t\t\t<span class=\"elementor-accordion-icon-opened\"><i class=\"fas fa-caret-up\"><\/i><\/span>\n\t\t\t\t\t\t\t\t\t\t\t\t\t\t<\/span>\n\t\t\t\t\t\t\t\t\t\t\t\t<a class=\"elementor-accordion-title\" tabindex=\"0\"> POP \u2013 Limpeza e Desinfec\u00e7\u00e3o de Moldes, Modelos e Pr\u00f3teses<\/a>\n\t\t\t\t\t<\/div>\n\t\t\t\t\t<div id=\"elementor-tab-content-70820\" class=\"elementor-tab-content elementor-clearfix\" data-tab=\"20\" role=\"region\" aria-labelledby=\"elementor-tab-title-70820\"><p>Promover a limpeza e desinfec\u00e7\u00e3o de moldes, modelos e pr\u00f3teses, garantindo seguran\u00e7a no manuseio do material e minimizando a contamina\u00e7\u00e3o cruzada entre o profissional e o t\u00e9cnico de laborat\u00f3rio.<\/p><p><b>CAMPO DE APLICA\u00c7\u00c3O:<\/b><\/p><p>Servi\u00e7o de Odontologia.<\/p><\/div>\n\t\t\t\t<\/div>\n\t\t\t\t\t\t\t<div class=\"elementor-accordion-item\">\n\t\t\t\t\t<div id=\"elementor-tab-title-70821\" class=\"elementor-tab-title\" data-tab=\"21\" role=\"button\" aria-controls=\"elementor-tab-content-70821\" aria-expanded=\"false\">\n\t\t\t\t\t\t\t\t\t\t\t\t\t<span class=\"elementor-accordion-icon elementor-accordion-icon-left\" aria-hidden=\"true\">\n\t\t\t\t\t\t\t\t\t\t\t\t\t\t\t<span class=\"elementor-accordion-icon-closed\"><i class=\"fas fa-caret-down\"><\/i><\/span>\n\t\t\t\t\t\t\t\t<span class=\"elementor-accordion-icon-opened\"><i class=\"fas fa-caret-up\"><\/i><\/span>\n\t\t\t\t\t\t\t\t\t\t\t\t\t\t<\/span>\n\t\t\t\t\t\t\t\t\t\t\t\t<a class=\"elementor-accordion-title\" tabindex=\"0\"> POP \u2013 Limpeza e Desinfec\u00e7\u00e3o do Aparelho de Radiografia Odontol\u00f3gica<\/a>\n\t\t\t\t\t<\/div>\n\t\t\t\t\t<div id=\"elementor-tab-content-70821\" class=\"elementor-tab-content elementor-clearfix\" data-tab=\"21\" role=\"region\" aria-labelledby=\"elementor-tab-title-70821\"><p>Limpeza \u00e9 a remo\u00e7\u00e3o mec\u00e2nica e\/ou qu\u00edmica da sujidade, realizada anteriormente \u00e0 desinfec\u00e7\u00e3o. Desinfec\u00e7\u00e3o \u00e9 o processo que elimina as formas vegetativas de microrganismos, exceto os esporulados.<\/p><p><b>OBJETIVO:<\/b><\/p><p>Remover sujidades e res\u00edduos org\u00e2nicos ou inorg\u00e2nicos do aparelho de radiografia para prevenir e controlar infec\u00e7\u00f5es cruzadas.<\/p><\/div>\n\t\t\t\t<\/div>\n\t\t\t\t\t\t\t<div class=\"elementor-accordion-item\">\n\t\t\t\t\t<div id=\"elementor-tab-title-70822\" class=\"elementor-tab-title\" data-tab=\"22\" role=\"button\" aria-controls=\"elementor-tab-content-70822\" aria-expanded=\"false\">\n\t\t\t\t\t\t\t\t\t\t\t\t\t<span class=\"elementor-accordion-icon elementor-accordion-icon-left\" aria-hidden=\"true\">\n\t\t\t\t\t\t\t\t\t\t\t\t\t\t\t<span class=\"elementor-accordion-icon-closed\"><i class=\"fas fa-caret-down\"><\/i><\/span>\n\t\t\t\t\t\t\t\t<span class=\"elementor-accordion-icon-opened\"><i class=\"fas fa-caret-up\"><\/i><\/span>\n\t\t\t\t\t\t\t\t\t\t\t\t\t\t<\/span>\n\t\t\t\t\t\t\t\t\t\t\t\t<a class=\"elementor-accordion-title\" tabindex=\"0\"> POP \u2013 Limpeza e Desinfec\u00e7\u00e3o do Aparelho Fotopolimerizador, Negatosc\u00f3pio, Ultrassim, Esteriliza\u00e7\u00e3o e Armazenamento dos Acess\u00f3rios<\/a>\n\t\t\t\t\t<\/div>\n\t\t\t\t\t<div id=\"elementor-tab-content-70822\" class=\"elementor-tab-content elementor-clearfix\" data-tab=\"22\" role=\"region\" aria-labelledby=\"elementor-tab-title-70822\"><p>A limpeza e desinfec\u00e7\u00e3o consiste na remo\u00e7\u00e3o da sujidade nas superf\u00edcies dos equipamentos, enquanto a esteriliza\u00e7\u00e3o visa \u00e0 completa elimina\u00e7\u00e3o de todas as formas de microrganismos presentes, garantindo um aceit\u00e1vel n\u00edvel de seguran\u00e7a.<\/p><p><b>OBJETIVO:<\/b><\/p><p>Remover sujidades e res\u00edduos de mat\u00e9ria org\u00e2nica para prevenir e controlar infec\u00e7\u00f5es cruzadas.<\/p><\/div>\n\t\t\t\t<\/div>\n\t\t\t\t\t\t\t<div class=\"elementor-accordion-item\">\n\t\t\t\t\t<div id=\"elementor-tab-title-70823\" class=\"elementor-tab-title\" data-tab=\"23\" role=\"button\" aria-controls=\"elementor-tab-content-70823\" aria-expanded=\"false\">\n\t\t\t\t\t\t\t\t\t\t\t\t\t<span class=\"elementor-accordion-icon elementor-accordion-icon-left\" aria-hidden=\"true\">\n\t\t\t\t\t\t\t\t\t\t\t\t\t\t\t<span class=\"elementor-accordion-icon-closed\"><i class=\"fas fa-caret-down\"><\/i><\/span>\n\t\t\t\t\t\t\t\t<span class=\"elementor-accordion-icon-opened\"><i class=\"fas fa-caret-up\"><\/i><\/span>\n\t\t\t\t\t\t\t\t\t\t\t\t\t\t<\/span>\n\t\t\t\t\t\t\t\t\t\t\t\t<a class=\"elementor-accordion-title\" tabindex=\"0\"> POP \u2013 Limpeza e Desinfec\u00e7\u00e3o do Sistema de Succ\u00e7\u00e3o do Consult\u00f3rio Odontol\u00f3gico<\/a>\n\t\t\t\t\t<\/div>\n\t\t\t\t\t<div id=\"elementor-tab-content-70823\" class=\"elementor-tab-content elementor-clearfix\" data-tab=\"23\" role=\"region\" aria-labelledby=\"elementor-tab-title-70823\"><p>Promover a limpeza e desinfec\u00e7\u00e3o do sistema de suc\u00e7\u00e3o do Consult\u00f3rio Odontol\u00f3gico entre cada atendimento e ao final do dia, mantendo o equipamento livre de sujidades e desinfetado.<\/p><p><b>CAMPO DE APLICA\u00c7\u00c3O:<\/b><\/p><p>Servi\u00e7o de Odontologia.<\/p><\/div>\n\t\t\t\t<\/div>\n\t\t\t\t\t\t\t<div class=\"elementor-accordion-item\">\n\t\t\t\t\t<div id=\"elementor-tab-title-70824\" class=\"elementor-tab-title\" data-tab=\"24\" role=\"button\" aria-controls=\"elementor-tab-content-70824\" aria-expanded=\"false\">\n\t\t\t\t\t\t\t\t\t\t\t\t\t<span class=\"elementor-accordion-icon elementor-accordion-icon-left\" aria-hidden=\"true\">\n\t\t\t\t\t\t\t\t\t\t\t\t\t\t\t<span class=\"elementor-accordion-icon-closed\"><i class=\"fas fa-caret-down\"><\/i><\/span>\n\t\t\t\t\t\t\t\t<span class=\"elementor-accordion-icon-opened\"><i class=\"fas fa-caret-up\"><\/i><\/span>\n\t\t\t\t\t\t\t\t\t\t\t\t\t\t<\/span>\n\t\t\t\t\t\t\t\t\t\t\t\t<a class=\"elementor-accordion-title\" tabindex=\"0\">POP \u2013 Limpeza e Desinfec\u00e7\u00e3o do Sistema de \u00c1gua do Consult\u00f3rio Odontol\u00f3gico<\/a>\n\t\t\t\t\t<\/div>\n\t\t\t\t\t<div id=\"elementor-tab-content-70824\" class=\"elementor-tab-content elementor-clearfix\" data-tab=\"24\" role=\"region\" aria-labelledby=\"elementor-tab-title-70824\"><p>Manter o sistema de \u00e1gua (linhas d\u2019\u00e1gua e tubula\u00e7\u00f5es) do consult\u00f3rio odontol\u00f3gico livre de sujidades e desinfetado, evitando a forma\u00e7\u00e3o de biofilme microbiano e a contamina\u00e7\u00e3o do paciente.<\/p><p><b>CAMPO DE APLICA\u00c7\u00c3O:<\/b><\/p><p>Servi\u00e7o de Odontologia.<\/p><\/div>\n\t\t\t\t<\/div>\n\t\t\t\t\t\t\t<div class=\"elementor-accordion-item\">\n\t\t\t\t\t<div id=\"elementor-tab-title-70825\" class=\"elementor-tab-title\" data-tab=\"25\" role=\"button\" aria-controls=\"elementor-tab-content-70825\" aria-expanded=\"false\">\n\t\t\t\t\t\t\t\t\t\t\t\t\t<span class=\"elementor-accordion-icon elementor-accordion-icon-left\" aria-hidden=\"true\">\n\t\t\t\t\t\t\t\t\t\t\t\t\t\t\t<span class=\"elementor-accordion-icon-closed\"><i class=\"fas fa-caret-down\"><\/i><\/span>\n\t\t\t\t\t\t\t\t<span class=\"elementor-accordion-icon-opened\"><i class=\"fas fa-caret-up\"><\/i><\/span>\n\t\t\t\t\t\t\t\t\t\t\t\t\t\t<\/span>\n\t\t\t\t\t\t\t\t\t\t\t\t<a class=\"elementor-accordion-title\" tabindex=\"0\"> POP \u2013 Limpeza e Esteriliza\u00e7\u00e3o de Instrumentos de Alta e Baixa Rota\u00e7\u00e3o<\/a>\n\t\t\t\t\t<\/div>\n\t\t\t\t\t<div id=\"elementor-tab-content-70825\" class=\"elementor-tab-content elementor-clearfix\" data-tab=\"25\" role=\"region\" aria-labelledby=\"elementor-tab-title-70825\"><p>Promover a limpeza e esteriliza\u00e7\u00e3o a vapor (autoclavagem) de instrumentos de alta e baixa rota\u00e7\u00e3o, contra-\u00e2ngulo e pe\u00e7a reta.<\/p><p><b>CAMPO DE APLICA\u00c7\u00c3O:<\/b><\/p><p>Se\u00e7\u00e3o de preparo e esteriliza\u00e7\u00e3o. Servi\u00e7o de Odontologia.<\/p><\/div>\n\t\t\t\t<\/div>\n\t\t\t\t\t\t\t<div class=\"elementor-accordion-item\">\n\t\t\t\t\t<div id=\"elementor-tab-title-70826\" class=\"elementor-tab-title\" data-tab=\"26\" role=\"button\" aria-controls=\"elementor-tab-content-70826\" aria-expanded=\"false\">\n\t\t\t\t\t\t\t\t\t\t\t\t\t<span class=\"elementor-accordion-icon elementor-accordion-icon-left\" aria-hidden=\"true\">\n\t\t\t\t\t\t\t\t\t\t\t\t\t\t\t<span class=\"elementor-accordion-icon-closed\"><i class=\"fas fa-caret-down\"><\/i><\/span>\n\t\t\t\t\t\t\t\t<span class=\"elementor-accordion-icon-opened\"><i class=\"fas fa-caret-up\"><\/i><\/span>\n\t\t\t\t\t\t\t\t\t\t\t\t\t\t<\/span>\n\t\t\t\t\t\t\t\t\t\t\t\t<a class=\"elementor-accordion-title\" tabindex=\"0\"> POP \u2013 Manten\u00e7\u00e3o de Equipamentos Odontol\u00f3gicos<\/a>\n\t\t\t\t\t<\/div>\n\t\t\t\t\t<div id=\"elementor-tab-content-70826\" class=\"elementor-tab-content elementor-clearfix\" data-tab=\"26\" role=\"region\" aria-labelledby=\"elementor-tab-title-70826\"><p>A manuten\u00e7\u00e3o de equipamentos odontol\u00f3gicos consiste em um conjunto de procedimentos t\u00e9cnicos e pr\u00e1ticas regulares para garantir o funcionamento eficiente, a seguran\u00e7a e a durabilidade dos dispositivos e instrumentos utilizados em uma cl\u00ednica odontol\u00f3gica.<\/p><p><b>OBJETIVO:<\/b><\/p><p>Assegurar que todos os aparelhos odontol\u00f3gicos estejam em boas condi\u00e7\u00f5es de opera\u00e7\u00e3o, minimizando riscos de falhas, garantindo a seguran\u00e7a dos pacientes e promovendo a qualidade dos servi\u00e7os prestados.<\/p><\/div>\n\t\t\t\t<\/div>\n\t\t\t\t\t\t\t<div class=\"elementor-accordion-item\">\n\t\t\t\t\t<div id=\"elementor-tab-title-70827\" class=\"elementor-tab-title\" data-tab=\"27\" role=\"button\" aria-controls=\"elementor-tab-content-70827\" aria-expanded=\"false\">\n\t\t\t\t\t\t\t\t\t\t\t\t\t<span class=\"elementor-accordion-icon elementor-accordion-icon-left\" aria-hidden=\"true\">\n\t\t\t\t\t\t\t\t\t\t\t\t\t\t\t<span class=\"elementor-accordion-icon-closed\"><i class=\"fas fa-caret-down\"><\/i><\/span>\n\t\t\t\t\t\t\t\t<span class=\"elementor-accordion-icon-opened\"><i class=\"fas fa-caret-up\"><\/i><\/span>\n\t\t\t\t\t\t\t\t\t\t\t\t\t\t<\/span>\n\t\t\t\t\t\t\t\t\t\t\t\t<a class=\"elementor-accordion-title\" tabindex=\"0\"> POP \u2013 M\u00e1quina de Raio-X Dent\u00e1ria<\/a>\n\t\t\t\t\t<\/div>\n\t\t\t\t\t<div id=\"elementor-tab-content-70827\" class=\"elementor-tab-content elementor-clearfix\" data-tab=\"27\" role=\"region\" aria-labelledby=\"elementor-tab-title-70827\"><p>A m\u00e1quina de Raio-X dent\u00e1ria \u00e9 um equipamento utilizado para capturar imagens radiogr\u00e1ficas dos dentes e estruturas adjacentes, essenciais para diagn\u00f3stico e planejamento de tratamento odontol\u00f3gico.<\/p><p><b>OBJETIVO:<\/b><\/p><p>Garantir a aquisi\u00e7\u00e3o de imagens de alta qualidade com a menor exposi\u00e7\u00e3o poss\u00edvel \u00e0 radia\u00e7\u00e3o, promovendo diagn\u00f3sticos precisos e a sa\u00fade bucal dos pacientes.<\/p><\/div>\n\t\t\t\t<\/div>\n\t\t\t\t\t\t\t<div class=\"elementor-accordion-item\">\n\t\t\t\t\t<div id=\"elementor-tab-title-70828\" class=\"elementor-tab-title\" data-tab=\"28\" role=\"button\" aria-controls=\"elementor-tab-content-70828\" aria-expanded=\"false\">\n\t\t\t\t\t\t\t\t\t\t\t\t\t<span class=\"elementor-accordion-icon elementor-accordion-icon-left\" aria-hidden=\"true\">\n\t\t\t\t\t\t\t\t\t\t\t\t\t\t\t<span class=\"elementor-accordion-icon-closed\"><i class=\"fas fa-caret-down\"><\/i><\/span>\n\t\t\t\t\t\t\t\t<span class=\"elementor-accordion-icon-opened\"><i class=\"fas fa-caret-up\"><\/i><\/span>\n\t\t\t\t\t\t\t\t\t\t\t\t\t\t<\/span>\n\t\t\t\t\t\t\t\t\t\t\t\t<a class=\"elementor-accordion-title\" tabindex=\"0\"> POP \u2013 Medidas Preventivas para Evitar Acidentes<\/a>\n\t\t\t\t\t<\/div>\n\t\t\t\t\t<div id=\"elementor-tab-content-70828\" class=\"elementor-tab-content elementor-clearfix\" data-tab=\"28\" role=\"region\" aria-labelledby=\"elementor-tab-title-70828\"><p>Conjunto de medidas empregadas com o objetivo de proteger a equipe e os pacientes em ambiente cl\u00ednico-cir\u00fargico, prevenindo acidentes e transmiss\u00e3o de agentes infecciosos.<\/p><p><b>OBJETIVO:<\/b><\/p><p>Aplicar medidas de precau\u00e7\u00e3o para evitar riscos de acidentes durante procedimentos odontol\u00f3gicos e transmiss\u00e3o de agentes infecciosos, protegendo a sa\u00fade dos profissionais e pacientes.<\/p><\/div>\n\t\t\t\t<\/div>\n\t\t\t\t\t\t\t<div class=\"elementor-accordion-item\">\n\t\t\t\t\t<div id=\"elementor-tab-title-70829\" class=\"elementor-tab-title\" data-tab=\"29\" role=\"button\" aria-controls=\"elementor-tab-content-70829\" aria-expanded=\"false\">\n\t\t\t\t\t\t\t\t\t\t\t\t\t<span class=\"elementor-accordion-icon elementor-accordion-icon-left\" aria-hidden=\"true\">\n\t\t\t\t\t\t\t\t\t\t\t\t\t\t\t<span class=\"elementor-accordion-icon-closed\"><i class=\"fas fa-caret-down\"><\/i><\/span>\n\t\t\t\t\t\t\t\t<span class=\"elementor-accordion-icon-opened\"><i class=\"fas fa-caret-up\"><\/i><\/span>\n\t\t\t\t\t\t\t\t\t\t\t\t\t\t<\/span>\n\t\t\t\t\t\t\t\t\t\t\t\t<a class=\"elementor-accordion-title\" tabindex=\"0\"> POP \u2013 Microagulhamento com Drug Delivery<\/a>\n\t\t\t\t\t<\/div>\n\t\t\t\t\t<div id=\"elementor-tab-content-70829\" class=\"elementor-tab-content elementor-clearfix\" data-tab=\"29\" role=\"region\" aria-labelledby=\"elementor-tab-title-70829\"><p>Procedimento est\u00e9tico realizado com caneta dermapen ou derma-roller para estimular col\u00e1geno e promover rejuvenescimento. Pode incluir a aplica\u00e7\u00e3o de ativos como \u00c1cido Hialur\u00f4nico, DMAE, entre outros.<\/p><p><b>INDICA\u00c7\u00c3O:<\/b><\/p><p>\u2022 Tratamentos capilar: Crescimento e fortalecimento capilar.<br \/>\u2022 Tratamento facial: Poros dilatados, cicatriz de acne, rejuvenescimento facial.<br \/>\u2022 Tratamento corporal: Rejuvenescimento do colo e pesco\u00e7o, linhas finas, flacidez e estrias.<\/p><\/div>\n\t\t\t\t<\/div>\n\t\t\t\t\t\t\t<div class=\"elementor-accordion-item\">\n\t\t\t\t\t<div id=\"elementor-tab-title-70830\" class=\"elementor-tab-title\" data-tab=\"30\" role=\"button\" aria-controls=\"elementor-tab-content-70830\" aria-expanded=\"false\">\n\t\t\t\t\t\t\t\t\t\t\t\t\t<span class=\"elementor-accordion-icon elementor-accordion-icon-left\" aria-hidden=\"true\">\n\t\t\t\t\t\t\t\t\t\t\t\t\t\t\t<span class=\"elementor-accordion-icon-closed\"><i class=\"fas fa-caret-down\"><\/i><\/span>\n\t\t\t\t\t\t\t\t<span class=\"elementor-accordion-icon-opened\"><i class=\"fas fa-caret-up\"><\/i><\/span>\n\t\t\t\t\t\t\t\t\t\t\t\t\t\t<\/span>\n\t\t\t\t\t\t\t\t\t\t\t\t<a class=\"elementor-accordion-title\" tabindex=\"0\"> POP \u2013 Ortodontia<\/a>\n\t\t\t\t\t<\/div>\n\t\t\t\t\t<div id=\"elementor-tab-content-70830\" class=\"elementor-tab-content elementor-clearfix\" data-tab=\"30\" role=\"region\" aria-labelledby=\"elementor-tab-title-70830\"><p>Ortodontia \u00e9 a especialidade da odontologia que se dedica ao diagn\u00f3stico, preven\u00e7\u00e3o e tratamento de irregularidades dent\u00e1rias e faciais, visando \u00e0 corre\u00e7\u00e3o da posi\u00e7\u00e3o dos dentes e o alinhamento da mand\u00edbula.<\/p><p><b>OBJETIVO:<\/b><\/p><p>Melhorar a est\u00e9tica e a fun\u00e7\u00e3o bucal, proporcionando um sorriso saud\u00e1vel e bonito, al\u00e9m de corrigir problemas de oclus\u00e3o e mastiga\u00e7\u00e3o.<\/p><\/div>\n\t\t\t\t<\/div>\n\t\t\t\t\t\t\t<div class=\"elementor-accordion-item\">\n\t\t\t\t\t<div id=\"elementor-tab-title-70831\" class=\"elementor-tab-title\" data-tab=\"31\" role=\"button\" aria-controls=\"elementor-tab-content-70831\" aria-expanded=\"false\">\n\t\t\t\t\t\t\t\t\t\t\t\t\t<span class=\"elementor-accordion-icon elementor-accordion-icon-left\" aria-hidden=\"true\">\n\t\t\t\t\t\t\t\t\t\t\t\t\t\t\t<span class=\"elementor-accordion-icon-closed\"><i class=\"fas fa-caret-down\"><\/i><\/span>\n\t\t\t\t\t\t\t\t<span class=\"elementor-accordion-icon-opened\"><i class=\"fas fa-caret-up\"><\/i><\/span>\n\t\t\t\t\t\t\t\t\t\t\t\t\t\t<\/span>\n\t\t\t\t\t\t\t\t\t\t\t\t<a class=\"elementor-accordion-title\" tabindex=\"0\"> POP \u2013 Intradermoterapia Gordura Submentoniana (Papada)<\/a>\n\t\t\t\t\t<\/div>\n\t\t\t\t\t<div id=\"elementor-tab-content-70831\" class=\"elementor-tab-content elementor-clearfix\" data-tab=\"31\" role=\"region\" aria-labelledby=\"elementor-tab-title-70831\"><p>Procedimento est\u00e9tico injet\u00e1vel de f\u00e1rmacos atrav\u00e9s da via subcut\u00e2nea para a redu\u00e7\u00e3o de gordura na regi\u00e3o da papada.<\/p><p><b>INDICA\u00c7\u00c3O:<\/b><\/p><p>Redu\u00e7\u00e3o de gordura submentoniana.<\/p><\/div>\n\t\t\t\t<\/div>\n\t\t\t\t\t\t\t<div class=\"elementor-accordion-item\">\n\t\t\t\t\t<div id=\"elementor-tab-title-70832\" class=\"elementor-tab-title\" data-tab=\"32\" role=\"button\" aria-controls=\"elementor-tab-content-70832\" aria-expanded=\"false\">\n\t\t\t\t\t\t\t\t\t\t\t\t\t<span class=\"elementor-accordion-icon elementor-accordion-icon-left\" aria-hidden=\"true\">\n\t\t\t\t\t\t\t\t\t\t\t\t\t\t\t<span class=\"elementor-accordion-icon-closed\"><i class=\"fas fa-caret-down\"><\/i><\/span>\n\t\t\t\t\t\t\t\t<span class=\"elementor-accordion-icon-opened\"><i class=\"fas fa-caret-up\"><\/i><\/span>\n\t\t\t\t\t\t\t\t\t\t\t\t\t\t<\/span>\n\t\t\t\t\t\t\t\t\t\t\t\t<a class=\"elementor-accordion-title\" tabindex=\"0\"> POP \u2013 Peeling Qu\u00edmico<\/a>\n\t\t\t\t\t<\/div>\n\t\t\t\t\t<div id=\"elementor-tab-content-70832\" class=\"elementor-tab-content elementor-clearfix\" data-tab=\"32\" role=\"region\" aria-labelledby=\"elementor-tab-title-70832\"><p>Procedimento est\u00e9tico t\u00f3pico que utiliza diferentes \u00e1cidos para atingir diversas camadas da pele, promovendo sua renova\u00e7\u00e3o por meio da descama\u00e7\u00e3o ou despigmenta\u00e7\u00e3o.<\/p><p><b>INDICA\u00c7\u00c3O:<\/b><\/p><p>Poros dilatados, cicatrizes de acne, redu\u00e7\u00e3o de comed\u00f5es, rugas finas, est\u00edmulo de col\u00e1geno, rejuvenescimento facial, fotoenvelhecimento, afinamento do extrato c\u00f3rneo.<\/p><\/div>\n\t\t\t\t<\/div>\n\t\t\t\t\t\t\t<div class=\"elementor-accordion-item\">\n\t\t\t\t\t<div id=\"elementor-tab-title-70833\" class=\"elementor-tab-title\" data-tab=\"33\" role=\"button\" aria-controls=\"elementor-tab-content-70833\" aria-expanded=\"false\">\n\t\t\t\t\t\t\t\t\t\t\t\t\t<span class=\"elementor-accordion-icon elementor-accordion-icon-left\" aria-hidden=\"true\">\n\t\t\t\t\t\t\t\t\t\t\t\t\t\t\t<span class=\"elementor-accordion-icon-closed\"><i class=\"fas fa-caret-down\"><\/i><\/span>\n\t\t\t\t\t\t\t\t<span class=\"elementor-accordion-icon-opened\"><i class=\"fas fa-caret-up\"><\/i><\/span>\n\t\t\t\t\t\t\t\t\t\t\t\t\t\t<\/span>\n\t\t\t\t\t\t\t\t\t\t\t\t<a class=\"elementor-accordion-title\" tabindex=\"0\"> POP \u2013 Platismoplastia<\/a>\n\t\t\t\t\t<\/div>\n\t\t\t\t\t<div id=\"elementor-tab-content-70833\" class=\"elementor-tab-content elementor-clearfix\" data-tab=\"33\" role=\"region\" aria-labelledby=\"elementor-tab-title-70833\"><p>A platismoplastia \u00e9 um procedimento cir\u00fargico est\u00e9tico realizado para melhorar a apar\u00eancia do pesco\u00e7o e da regi\u00e3o do queixo, corrigindo a flacidez muscular e o excesso de pele.<\/p><p><b>OBJETIVO:<\/b><\/p><p>Melhorar a apar\u00eancia do pesco\u00e7o, eliminando o aspecto de &#8220;papada&#8221;, proporcionando um contorno mais suave e jovem \u00e0 regi\u00e3o cervical.<\/p><\/div>\n\t\t\t\t<\/div>\n\t\t\t\t\t\t\t<div class=\"elementor-accordion-item\">\n\t\t\t\t\t<div id=\"elementor-tab-title-70834\" class=\"elementor-tab-title\" data-tab=\"34\" role=\"button\" aria-controls=\"elementor-tab-content-70834\" aria-expanded=\"false\">\n\t\t\t\t\t\t\t\t\t\t\t\t\t<span class=\"elementor-accordion-icon elementor-accordion-icon-left\" aria-hidden=\"true\">\n\t\t\t\t\t\t\t\t\t\t\t\t\t\t\t<span class=\"elementor-accordion-icon-closed\"><i class=\"fas fa-caret-down\"><\/i><\/span>\n\t\t\t\t\t\t\t\t<span class=\"elementor-accordion-icon-opened\"><i class=\"fas fa-caret-up\"><\/i><\/span>\n\t\t\t\t\t\t\t\t\t\t\t\t\t\t<\/span>\n\t\t\t\t\t\t\t\t\t\t\t\t<a class=\"elementor-accordion-title\" tabindex=\"0\"> POP \u2013 Profilaxia\/Remo\u00e7\u00e3o de Placa Bacteriana<\/a>\n\t\t\t\t\t<\/div>\n\t\t\t\t\t<div id=\"elementor-tab-content-70834\" class=\"elementor-tab-content elementor-clearfix\" data-tab=\"34\" role=\"region\" aria-labelledby=\"elementor-tab-title-70834\"><p>Remover placa bacteriana das superf\u00edcies dent\u00e1rias, prevenindo doen\u00e7as bucais. O procedimento pode ser realizado com jato de bicarbonato ou utilizando escova de Robson e\/ou ta\u00e7a de borracha com pasta profil\u00e1tica ou pedra-pomes.<\/p><p><b>MATERIAIS UTILIZADOS:<\/b><\/p><p>\u2022 Ta\u00e7a de borracha ou escova de Robson<br \/>\u2022 Pedra-pomes ou pasta profil\u00e1tica<br \/>\u2022 EPIs (jaleco, gorro, m\u00e1scara, \u00f3culos de prote\u00e7\u00e3o)<br \/>\u2022 Sugador descart\u00e1vel<br \/>\u2022 Fio dental<\/p><\/div>\n\t\t\t\t<\/div>\n\t\t\t\t\t\t\t<div class=\"elementor-accordion-item\">\n\t\t\t\t\t<div id=\"elementor-tab-title-70835\" class=\"elementor-tab-title\" data-tab=\"35\" role=\"button\" aria-controls=\"elementor-tab-content-70835\" aria-expanded=\"false\">\n\t\t\t\t\t\t\t\t\t\t\t\t\t<span class=\"elementor-accordion-icon elementor-accordion-icon-left\" aria-hidden=\"true\">\n\t\t\t\t\t\t\t\t\t\t\t\t\t\t\t<span class=\"elementor-accordion-icon-closed\"><i class=\"fas fa-caret-down\"><\/i><\/span>\n\t\t\t\t\t\t\t\t<span class=\"elementor-accordion-icon-opened\"><i class=\"fas fa-caret-up\"><\/i><\/span>\n\t\t\t\t\t\t\t\t\t\t\t\t\t\t<\/span>\n\t\t\t\t\t\t\t\t\t\t\t\t<a class=\"elementor-accordion-title\" tabindex=\"0\"> POP \u2013 Preenchimento Facial com \u00c1cido Hialur\u00f4nico<\/a>\n\t\t\t\t\t<\/div>\n\t\t\t\t\t<div id=\"elementor-tab-content-70835\" class=\"elementor-tab-content elementor-clearfix\" data-tab=\"35\" role=\"region\" aria-labelledby=\"elementor-tab-title-70835\"><p>A t\u00e9cnica de preenchimento facial utiliza subst\u00e2ncias biocompat\u00edveis para remodelar, corrigir assimetrias e devolver volume, especialmente nas \u00e1reas afetadas pelo envelhecimento. O \u00e1cido hialur\u00f4nico \u00e9 o preenchedor mais utilizado por sua biocompatibilidade e seguran\u00e7a.<\/p><p><b>INDICA\u00c7\u00c3O:<\/b><\/p><p>Definir contornos mandibulares, rinomodela\u00e7\u00e3o, preenchimento de sulcos e rugas, devolu\u00e7\u00e3o de volume em \u00e1reas com perda de gordura e contorno labial.<\/p><\/div>\n\t\t\t\t<\/div>\n\t\t\t\t\t\t\t<div class=\"elementor-accordion-item\">\n\t\t\t\t\t<div id=\"elementor-tab-title-70836\" class=\"elementor-tab-title\" data-tab=\"36\" role=\"button\" aria-controls=\"elementor-tab-content-70836\" aria-expanded=\"false\">\n\t\t\t\t\t\t\t\t\t\t\t\t\t<span class=\"elementor-accordion-icon elementor-accordion-icon-left\" aria-hidden=\"true\">\n\t\t\t\t\t\t\t\t\t\t\t\t\t\t\t<span class=\"elementor-accordion-icon-closed\"><i class=\"fas fa-caret-down\"><\/i><\/span>\n\t\t\t\t\t\t\t\t<span class=\"elementor-accordion-icon-opened\"><i class=\"fas fa-caret-up\"><\/i><\/span>\n\t\t\t\t\t\t\t\t\t\t\t\t\t\t<\/span>\n\t\t\t\t\t\t\t\t\t\t\t\t<a class=\"elementor-accordion-title\" tabindex=\"0\"> POP \u2013 Programa de Preven\u00e7\u00e3o de Riscos Ambientais (PPRA) em Odontologia<\/a>\n\t\t\t\t\t<\/div>\n\t\t\t\t\t<div id=\"elementor-tab-content-70836\" class=\"elementor-tab-content elementor-clearfix\" data-tab=\"36\" role=\"region\" aria-labelledby=\"elementor-tab-title-70836\"><p>O Programa de Preven\u00e7\u00e3o de Riscos Ambientais (PPRA) \u00e9 uma ferramenta de gest\u00e3o que tem como objetivo identificar, avaliar e controlar os riscos ambientais presentes no ambiente de trabalho, visando \u00e0 preserva\u00e7\u00e3o da sa\u00fade e integridade dos profissionais envolvidos. Em odontologia, o PPRA \u00e9 essencial para garantir a seguran\u00e7a dos dentistas, auxiliares e pacientes em rela\u00e7\u00e3o aos riscos ambientais existentes.<\/p><p><b>2. OBJETIVO:<\/b><\/p><p>Eliminar ou reduzir ao m\u00ednimo os riscos ambientais presentes no ambiente de trabalho odontol\u00f3gico, prevenindo acidentes e doen\u00e7as ocupacionais, garantindo a sa\u00fade e seguran\u00e7a de todos os envolvidos.<\/p><\/div>\n\t\t\t\t<\/div>\n\t\t\t\t\t\t\t<div class=\"elementor-accordion-item\">\n\t\t\t\t\t<div id=\"elementor-tab-title-70837\" class=\"elementor-tab-title\" data-tab=\"37\" role=\"button\" aria-controls=\"elementor-tab-content-70837\" aria-expanded=\"false\">\n\t\t\t\t\t\t\t\t\t\t\t\t\t<span class=\"elementor-accordion-icon elementor-accordion-icon-left\" aria-hidden=\"true\">\n\t\t\t\t\t\t\t\t\t\t\t\t\t\t\t<span class=\"elementor-accordion-icon-closed\"><i class=\"fas fa-caret-down\"><\/i><\/span>\n\t\t\t\t\t\t\t\t<span class=\"elementor-accordion-icon-opened\"><i class=\"fas fa-caret-up\"><\/i><\/span>\n\t\t\t\t\t\t\t\t\t\t\t\t\t\t<\/span>\n\t\t\t\t\t\t\t\t\t\t\t\t<a class=\"elementor-accordion-title\" tabindex=\"0\"> POP \u2013 Prote\u00e7\u00e3o Radiol\u00f3gica: Dispositivos de Seguran\u00e7a Individual e Coletivo<\/a>\n\t\t\t\t\t<\/div>\n\t\t\t\t\t<div id=\"elementor-tab-content-70837\" class=\"elementor-tab-content elementor-clearfix\" data-tab=\"37\" role=\"region\" aria-labelledby=\"elementor-tab-title-70837\"><p>S\u00e3o dispositivos e equipamentos utilizados para proteger e minimizar os danos aos profissionais e pacientes expostos \u00e0 radia\u00e7\u00e3o ionizante, garantindo que o benef\u00edcio do uso da radia\u00e7\u00e3o seja maior que os danos potenciais.<\/p><p><b>OBJETIVO:<\/b><\/p><p>Garantir a prote\u00e7\u00e3o do operador e equipe respons\u00e1veis pelo manejo dos equipamentos de raios X odontol\u00f3gico, evitando exposi\u00e7\u00f5es acidentais.<\/p><\/div>\n\t\t\t\t<\/div>\n\t\t\t\t\t\t\t<div class=\"elementor-accordion-item\">\n\t\t\t\t\t<div id=\"elementor-tab-title-70838\" class=\"elementor-tab-title\" data-tab=\"38\" role=\"button\" aria-controls=\"elementor-tab-content-70838\" aria-expanded=\"false\">\n\t\t\t\t\t\t\t\t\t\t\t\t\t<span class=\"elementor-accordion-icon elementor-accordion-icon-left\" aria-hidden=\"true\">\n\t\t\t\t\t\t\t\t\t\t\t\t\t\t\t<span class=\"elementor-accordion-icon-closed\"><i class=\"fas fa-caret-down\"><\/i><\/span>\n\t\t\t\t\t\t\t\t<span class=\"elementor-accordion-icon-opened\"><i class=\"fas fa-caret-up\"><\/i><\/span>\n\t\t\t\t\t\t\t\t\t\t\t\t\t\t<\/span>\n\t\t\t\t\t\t\t\t\t\t\t\t<a class=\"elementor-accordion-title\" tabindex=\"0\"> POP \u2013 Restaura\u00e7\u00e3o de Dente Permanente<\/a>\n\t\t\t\t\t<\/div>\n\t\t\t\t\t<div id=\"elementor-tab-content-70838\" class=\"elementor-tab-content elementor-clearfix\" data-tab=\"38\" role=\"region\" aria-labelledby=\"elementor-tab-title-70838\"><p>Realizar tratamento dent\u00e1rio utilizando instrumentos manuais e\/ou rotat\u00f3rios para qualquer tipo de cavidade dent\u00e1ria, com emprego de material restaurador como resina ou ion\u00f4mero de vidro, podendo ou n\u00e3o envolver o uso de pino rosque\u00e1vel.<\/p><p><b>MATERIAIS UTILIZADOS:<\/b><\/p><p>\u2022 Kit Bandeja b\u00e1sica<br \/>\u2022 Carpule<br \/>\u2022 Agulha gengival<br \/>\u2022 Anest\u00e9sico t\u00f3pico<br \/>\u2022 Solu\u00e7\u00e3o anest\u00e9sica<br \/>\u2022 Sugador<br \/>\u2022 Compressa de gaze esterilizada<br \/>\u2022 Material restaurador (Ion\u00f4mero de vidro ou resina)<br \/>\u2022 Tira de poli\u00e9ster, brocas de polimento, lixas e disco de polimento<br \/>\u2022 EPIs (luva de procedimento, gorro, m\u00e1scara, \u00f3culos de prote\u00e7\u00e3o e avental)<\/p><\/div>\n\t\t\t\t<\/div>\n\t\t\t\t\t\t\t<div class=\"elementor-accordion-item\">\n\t\t\t\t\t<div id=\"elementor-tab-title-70839\" class=\"elementor-tab-title\" data-tab=\"39\" role=\"button\" aria-controls=\"elementor-tab-content-70839\" aria-expanded=\"false\">\n\t\t\t\t\t\t\t\t\t\t\t\t\t<span class=\"elementor-accordion-icon elementor-accordion-icon-left\" aria-hidden=\"true\">\n\t\t\t\t\t\t\t\t\t\t\t\t\t\t\t<span class=\"elementor-accordion-icon-closed\"><i class=\"fas fa-caret-down\"><\/i><\/span>\n\t\t\t\t\t\t\t\t<span class=\"elementor-accordion-icon-opened\"><i class=\"fas fa-caret-up\"><\/i><\/span>\n\t\t\t\t\t\t\t\t\t\t\t\t\t\t<\/span>\n\t\t\t\t\t\t\t\t\t\t\t\t<a class=\"elementor-accordion-title\" tabindex=\"0\">POP \u2013 Rinomodela\u00e7\u00e3o Definitiva<\/a>\n\t\t\t\t\t<\/div>\n\t\t\t\t\t<div id=\"elementor-tab-content-70839\" class=\"elementor-tab-content elementor-clearfix\" data-tab=\"39\" role=\"region\" aria-labelledby=\"elementor-tab-title-70839\"><p>A rinomodela\u00e7\u00e3o definitiva \u00e9 um procedimento est\u00e9tico n\u00e3o cir\u00fargico para alterar a forma e estrutura do nariz por meio da aplica\u00e7\u00e3o de preenchedores d\u00e9rmicos, sendo uma alternativa menos invasiva \u00e0 rinoplastia tradicional.<\/p><p><b>OBJETIVO:<\/b><\/p><p>Corrigir imperfei\u00e7\u00f5es est\u00e9ticas do nariz, como irregularidades no dorso nasal, ponta ca\u00edda, assimetrias e depress\u00f5es, proporcionando uma apar\u00eancia mais harmoniosa e equilibrada.<\/p><\/div>\n\t\t\t\t<\/div>\n\t\t\t\t\t\t\t<div class=\"elementor-accordion-item\">\n\t\t\t\t\t<div id=\"elementor-tab-title-70840\" class=\"elementor-tab-title\" data-tab=\"40\" role=\"button\" aria-controls=\"elementor-tab-content-70840\" aria-expanded=\"false\">\n\t\t\t\t\t\t\t\t\t\t\t\t\t<span class=\"elementor-accordion-icon elementor-accordion-icon-left\" aria-hidden=\"true\">\n\t\t\t\t\t\t\t\t\t\t\t\t\t\t\t<span class=\"elementor-accordion-icon-closed\"><i class=\"fas fa-caret-down\"><\/i><\/span>\n\t\t\t\t\t\t\t\t<span class=\"elementor-accordion-icon-opened\"><i class=\"fas fa-caret-up\"><\/i><\/span>\n\t\t\t\t\t\t\t\t\t\t\t\t\t\t<\/span>\n\t\t\t\t\t\t\t\t\t\t\t\t<a class=\"elementor-accordion-title\" tabindex=\"0\"> POP \u2013 Seguran\u00e7a dos Pacientes<\/a>\n\t\t\t\t\t<\/div>\n\t\t\t\t\t<div id=\"elementor-tab-content-70840\" class=\"elementor-tab-content elementor-clearfix\" data-tab=\"40\" role=\"region\" aria-labelledby=\"elementor-tab-title-70840\"><p>A seguran\u00e7a dos pacientes envolve medidas e protocolos destinados a garantir a prote\u00e7\u00e3o e o bem-estar dos pacientes em cl\u00ednicas odontol\u00f3gicas, minimizando os riscos durante os tratamentos.<\/p><p><b>OBJETIVO:<\/b><\/p><p>Minimizar os riscos de eventos adversos, infec\u00e7\u00f5es ou les\u00f5es que possam comprometer a sa\u00fade do paciente durante a consulta ou tratamento odontol\u00f3gico.<\/p><\/div>\n\t\t\t\t<\/div>\n\t\t\t\t\t\t\t<div class=\"elementor-accordion-item\">\n\t\t\t\t\t<div id=\"elementor-tab-title-70841\" class=\"elementor-tab-title\" data-tab=\"41\" role=\"button\" aria-controls=\"elementor-tab-content-70841\" aria-expanded=\"false\">\n\t\t\t\t\t\t\t\t\t\t\t\t\t<span class=\"elementor-accordion-icon elementor-accordion-icon-left\" aria-hidden=\"true\">\n\t\t\t\t\t\t\t\t\t\t\t\t\t\t\t<span class=\"elementor-accordion-icon-closed\"><i class=\"fas fa-caret-down\"><\/i><\/span>\n\t\t\t\t\t\t\t\t<span class=\"elementor-accordion-icon-opened\"><i class=\"fas fa-caret-up\"><\/i><\/span>\n\t\t\t\t\t\t\t\t\t\t\t\t\t\t<\/span>\n\t\t\t\t\t\t\t\t\t\t\t\t<a class=\"elementor-accordion-title\" tabindex=\"0\">POP \u2013 Intradermoterapia Skinbooster<\/a>\n\t\t\t\t\t<\/div>\n\t\t\t\t\t<div id=\"elementor-tab-content-70841\" class=\"elementor-tab-content elementor-clearfix\" data-tab=\"41\" role=\"region\" aria-labelledby=\"elementor-tab-title-70841\"><p>O skinbooster \u00e9 um procedimento est\u00e9tico injet\u00e1vel de intradermoterapia, com a fun\u00e7\u00e3o de hidrata\u00e7\u00e3o e revitaliza\u00e7\u00e3o da pele. O \u00e1cido hialur\u00f4nico (AH) \u00e9 a subst\u00e2ncia principal no Skinbooster, sendo associado a outros ativos como DMAE, sil\u00edcio org\u00e2nico, \u00e1cido glic\u00f3lico, col\u00e1geno, elastina e vitamina C.<\/p><p><b>INDICA\u00c7\u00c3O:<\/b><\/p><p>\u2022 Hidrata\u00e7\u00e3o da pele<br \/>\u2022 Hidrata\u00e7\u00e3o dos l\u00e1bios<br \/>\u2022 Rugas finas<br \/>\u2022 Melhora o aspecto das olheiras<br \/>\u2022 Cicatrizes de acne<\/p><\/div>\n\t\t\t\t<\/div>\n\t\t\t\t\t\t\t<div class=\"elementor-accordion-item\">\n\t\t\t\t\t<div id=\"elementor-tab-title-70842\" class=\"elementor-tab-title\" data-tab=\"42\" role=\"button\" aria-controls=\"elementor-tab-content-70842\" aria-expanded=\"false\">\n\t\t\t\t\t\t\t\t\t\t\t\t\t<span class=\"elementor-accordion-icon elementor-accordion-icon-left\" aria-hidden=\"true\">\n\t\t\t\t\t\t\t\t\t\t\t\t\t\t\t<span class=\"elementor-accordion-icon-closed\"><i class=\"fas fa-caret-down\"><\/i><\/span>\n\t\t\t\t\t\t\t\t<span class=\"elementor-accordion-icon-opened\"><i class=\"fas fa-caret-up\"><\/i><\/span>\n\t\t\t\t\t\t\t\t\t\t\t\t\t\t<\/span>\n\t\t\t\t\t\t\t\t\t\t\t\t<a class=\"elementor-accordion-title\" tabindex=\"0\"> POP \u2013 Teste Biol\u00f3gico Semanal do Ciclo de Esteriliza\u00e7\u00e3o<\/a>\n\t\t\t\t\t<\/div>\n\t\t\t\t\t<div id=\"elementor-tab-content-70842\" class=\"elementor-tab-content elementor-clearfix\" data-tab=\"42\" role=\"region\" aria-labelledby=\"elementor-tab-title-70842\"><p>O teste biol\u00f3gico semanal \u00e9 realizado para avaliar a efic\u00e1cia do ciclo de esteriliza\u00e7\u00e3o na autoclave, utilizando ampolas contendo o esporo Geobacillus stearothermophilus para identificar falhas no equipamento.<\/p><p><b>OBJETIVO:<\/b><\/p><p>Verificar a resist\u00eancia dos esporos ao agente esterilizante, garantindo que o ciclo de esteriliza\u00e7\u00e3o foi eficaz e que n\u00e3o h\u00e1 microrganismos vivos ap\u00f3s o processo.<\/p><\/div>\n\t\t\t\t<\/div>\n\t\t\t\t\t\t\t<div class=\"elementor-accordion-item\">\n\t\t\t\t\t<div id=\"elementor-tab-title-70843\" class=\"elementor-tab-title\" data-tab=\"43\" role=\"button\" aria-controls=\"elementor-tab-content-70843\" aria-expanded=\"false\">\n\t\t\t\t\t\t\t\t\t\t\t\t\t<span class=\"elementor-accordion-icon elementor-accordion-icon-left\" aria-hidden=\"true\">\n\t\t\t\t\t\t\t\t\t\t\t\t\t\t\t<span class=\"elementor-accordion-icon-closed\"><i class=\"fas fa-caret-down\"><\/i><\/span>\n\t\t\t\t\t\t\t\t<span class=\"elementor-accordion-icon-opened\"><i class=\"fas fa-caret-up\"><\/i><\/span>\n\t\t\t\t\t\t\t\t\t\t\t\t\t\t<\/span>\n\t\t\t\t\t\t\t\t\t\t\t\t<a class=\"elementor-accordion-title\" tabindex=\"0\"> POP \u2013 Aplica\u00e7\u00e3o de Toxina Botul\u00ednica (Botox)<\/a>\n\t\t\t\t\t<\/div>\n\t\t\t\t\t<div id=\"elementor-tab-content-70843\" class=\"elementor-tab-content elementor-clearfix\" data-tab=\"43\" role=\"region\" aria-labelledby=\"elementor-tab-title-70843\"><p>A toxina botul\u00ednica, derivada da bact\u00e9ria Clostridium botulinum, \u00e9 uma neurotoxina utilizada para fins est\u00e9ticos. O sorotipo A \u00e9 o mais utilizado, atuando na suaviza\u00e7\u00e3o de rugas e linhas de express\u00e3o.<\/p><p><b>INDICA\u00c7\u00c3O:<\/b><\/p><p>\u2022 Suaviza\u00e7\u00e3o de rugas frontais, periorbiculares, periorais e glabela<br \/>\u2022 Tratamento do sorriso gengival<br \/>\u2022 T\u00e9cnica de microbotox<\/p><\/div>\n\t\t\t\t<\/div>\n\t\t\t\t\t\t\t<div class=\"elementor-accordion-item\">\n\t\t\t\t\t<div id=\"elementor-tab-title-70844\" class=\"elementor-tab-title\" data-tab=\"44\" role=\"button\" aria-controls=\"elementor-tab-content-70844\" aria-expanded=\"false\">\n\t\t\t\t\t\t\t\t\t\t\t\t\t<span class=\"elementor-accordion-icon elementor-accordion-icon-left\" aria-hidden=\"true\">\n\t\t\t\t\t\t\t\t\t\t\t\t\t\t\t<span class=\"elementor-accordion-icon-closed\"><i class=\"fas fa-caret-down\"><\/i><\/span>\n\t\t\t\t\t\t\t\t<span class=\"elementor-accordion-icon-opened\"><i class=\"fas fa-caret-up\"><\/i><\/span>\n\t\t\t\t\t\t\t\t\t\t\t\t\t\t<\/span>\n\t\t\t\t\t\t\t\t\t\t\t\t<a class=\"elementor-accordion-title\" tabindex=\"0\"> POP \u2013 Uso de Equipamentos de Prote\u00e7\u00e3o Individual (EPIs)<\/a>\n\t\t\t\t\t<\/div>\n\t\t\t\t\t<div id=\"elementor-tab-content-70844\" class=\"elementor-tab-content elementor-clearfix\" data-tab=\"44\" role=\"region\" aria-labelledby=\"elementor-tab-title-70844\"><p>Equipamentos de Prote\u00e7\u00e3o Individual (EPIs) s\u00e3o dispositivos utilizados pelos profissionais da sa\u00fade para proteger contra riscos \u00e0 sa\u00fade e seguran\u00e7a no ambiente de trabalho odontol\u00f3gico.<\/p><p><b>OBJETIVO:<\/b><\/p><p>O objetivo \u00e9 proteger os profissionais e pacientes contra riscos biol\u00f3gicos, qu\u00edmicos, f\u00edsicos e mec\u00e2nicos durante procedimentos odontol\u00f3gicos, garantindo um ambiente seguro.<\/p><\/div>\n\t\t\t\t<\/div>\n\t\t\t\t\t\t\t<div class=\"elementor-accordion-item\">\n\t\t\t\t\t<div id=\"elementor-tab-title-70845\" class=\"elementor-tab-title\" data-tab=\"45\" role=\"button\" aria-controls=\"elementor-tab-content-70845\" aria-expanded=\"false\">\n\t\t\t\t\t\t\t\t\t\t\t\t\t<span class=\"elementor-accordion-icon elementor-accordion-icon-left\" aria-hidden=\"true\">\n\t\t\t\t\t\t\t\t\t\t\t\t\t\t\t<span class=\"elementor-accordion-icon-closed\"><i class=\"fas fa-caret-down\"><\/i><\/span>\n\t\t\t\t\t\t\t\t<span class=\"elementor-accordion-icon-opened\"><i class=\"fas fa-caret-up\"><\/i><\/span>\n\t\t\t\t\t\t\t\t\t\t\t\t\t\t<\/span>\n\t\t\t\t\t\t\t\t\t\t\t\t<a class=\"elementor-accordion-title\" tabindex=\"0\"> POP \u2013 Tratamento Endod\u00f4ntico<\/a>\n\t\t\t\t\t<\/div>\n\t\t\t\t\t<div id=\"elementor-tab-content-70845\" class=\"elementor-tab-content elementor-clearfix\" data-tab=\"45\" role=\"region\" aria-labelledby=\"elementor-tab-title-70845\"><p>Tratamento dent\u00e1rio utilizando instrumentos manuais e\/ou rotat\u00f3rios, aplicando materiais restauradores como resina ou ion\u00f4mero de vidro, com a possibilidade de uso de pino rosque\u00e1vel.<\/p><p><b>MATERIAIS UTILIZADOS:<\/b><\/p><p>1. Turbina<br \/>2. Micromotor<br \/>3. Jogo cl\u00ednico e instrumental de dent\u00edstica<br \/>4. Clorexidina a 0,12%<br \/>5. Porta-res\u00edduo<br \/>6. Hipoclorito de S\u00f3dio a 1% e 5%<br \/>7. Conjunto de limas endod\u00f4nticas esterilizadas<br \/>8. Anest\u00e9sico com e sem vasoconstritor<br \/>9. Cimentos endod\u00f4nticos<br \/>10. Material para isolamento absoluto<br \/>11. Filmes radiogr\u00e1ficos intrabucais<br \/>12. Cuba met\u00e1lica, entre outros.<\/p><\/div>\n\t\t\t\t<\/div>\n\t\t\t\t\t\t\t<div class=\"elementor-accordion-item\">\n\t\t\t\t\t<div id=\"elementor-tab-title-70846\" class=\"elementor-tab-title\" data-tab=\"46\" role=\"button\" aria-controls=\"elementor-tab-content-70846\" aria-expanded=\"false\">\n\t\t\t\t\t\t\t\t\t\t\t\t\t<span class=\"elementor-accordion-icon elementor-accordion-icon-left\" aria-hidden=\"true\">\n\t\t\t\t\t\t\t\t\t\t\t\t\t\t\t<span class=\"elementor-accordion-icon-closed\"><i class=\"fas fa-caret-down\"><\/i><\/span>\n\t\t\t\t\t\t\t\t<span class=\"elementor-accordion-icon-opened\"><i class=\"fas fa-caret-up\"><\/i><\/span>\n\t\t\t\t\t\t\t\t\t\t\t\t\t\t<\/span>\n\t\t\t\t\t\t\t\t\t\t\t\t<a class=\"elementor-accordion-title\" tabindex=\"0\"> POP \u2013 Tratamento de Canal<\/a>\n\t\t\t\t\t<\/div>\n\t\t\t\t\t<div id=\"elementor-tab-content-70846\" class=\"elementor-tab-content elementor-clearfix\" data-tab=\"46\" role=\"region\" aria-labelledby=\"elementor-tab-title-70846\"><p>O tratamento de canal, tamb\u00e9m conhecido como endodontia, \u00e9 realizado para tratar infec\u00e7\u00f5es ou inflama\u00e7\u00f5es na polpa de um dente, envolvendo a remo\u00e7\u00e3o da polpa, limpeza, modelagem e selamento do canal radicular.<\/p><p><b>OBJETIVO:<\/b><\/p><p>O objetivo \u00e9 salvar o dente comprometido, permitindo que o paciente mantenha seu dente natural, evitando a extra\u00e7\u00e3o.<\/p><\/div>\n\t\t\t\t<\/div>\n\t\t\t\t\t\t\t<div class=\"elementor-accordion-item\">\n\t\t\t\t\t<div id=\"elementor-tab-title-70847\" class=\"elementor-tab-title\" data-tab=\"47\" role=\"button\" aria-controls=\"elementor-tab-content-70847\" aria-expanded=\"false\">\n\t\t\t\t\t\t\t\t\t\t\t\t\t<span class=\"elementor-accordion-icon elementor-accordion-icon-left\" aria-hidden=\"true\">\n\t\t\t\t\t\t\t\t\t\t\t\t\t\t\t<span class=\"elementor-accordion-icon-closed\"><i class=\"fas fa-caret-down\"><\/i><\/span>\n\t\t\t\t\t\t\t\t<span class=\"elementor-accordion-icon-opened\"><i class=\"fas fa-caret-up\"><\/i><\/span>\n\t\t\t\t\t\t\t\t\t\t\t\t\t\t<\/span>\n\t\t\t\t\t\t\t\t\t\t\t\t<a class=\"elementor-accordion-title\" tabindex=\"0\">POP \u2013 Plano de Contig\u00eancia Para Medicamentos Termol\u00e1beis<\/a>\n\t\t\t\t\t<\/div>\n\t\t\t\t\t<div id=\"elementor-tab-content-70847\" class=\"elementor-tab-content elementor-clearfix\" data-tab=\"47\" role=\"region\" aria-labelledby=\"elementor-tab-title-70847\"><div><div>O Plano de Conting\u00eancia para Medicamentos Termol\u00e1beis \u00e9 um procedimento que visa garantir a integridade e a seguran\u00e7a de produtos farmac\u00eauticos sens\u00edveis \u00e0 temperatura em situa\u00e7\u00f5es de emerg\u00eancia, como falhas de energia el\u00e9trica ou problemas nos equipamentos de armazenamento. Este plano deve ser desenvolvido de acordo com as normas regulamentares, especialmente a RDC 430\/2020 &#8211; art. 80.<\/div><\/div><\/div>\n\t\t\t\t<\/div>\n\t\t\t\t\t\t\t\t\t\t<script type=\"application\/ld+json\">{\"@context\":\"https:\\\/\\\/schema.org\",\"@type\":\"FAQPage\",\"mainEntity\":[{\"@type\":\"Question\",\"name\":\"POP \\u2013 Aplica\\u00e7\\u00e3o de Bioestimuladores de Col\\u00e1geno\",\"acceptedAnswer\":{\"@type\":\"Answer\",\"text\":\"<p>Procedimento est\\u00e9tico injet\\u00e1vel de subst\\u00e2ncias capazes de estimular col\\u00e1geno.<\\\/p>\"}},{\"@type\":\"Question\",\"name\":\"POP \\u2013 Acondicionamento e Selagem do Instrumental e Material para Esteriliza\\u00e7\\u00e3o em Autoclave\",\"acceptedAnswer\":{\"@type\":\"Answer\",\"text\":\"<p>Consiste no preparo correto da embalagem e selamento dos pacotes de instrumentais e materiais\\\/artigos odontol\\u00f3gicos a serem esterilizados em aparelho que utiliza vapor de \\u00e1gua sob press\\u00e3o (autoclave).<\\\/p><p><b>OBJETIVO:<\\\/b><\\\/p><p>Impedir a prolifera\\u00e7\\u00e3o de agentes patol\\u00f3gicos, atrav\\u00e9s da exist\\u00eancia de barreira f\\u00edsica eficiente; adequar o acondicionamento e selagem dos pacotes, favorecer a penetra\\u00e7\\u00e3o de agente esterilizante e ao mesmo tempo, agir como bloqueadores de micro-organismos, assegurando a esteriliza\\u00e7\\u00e3o at\\u00e9 sua abertura e rastreabilidade.<\\\/p>\"}},{\"@type\":\"Question\",\"name\":\"POP \\u2013 Clareamento Dental\",\"acceptedAnswer\":{\"@type\":\"Answer\",\"text\":\"<p><b>DEFINI\\u00c7\\u00c3O:<\\\/b><\\\/p><p>O clareamento dental \\u00e9 um procedimento odontol\\u00f3gico est\\u00e9tico que visa melhorar a cor dos dentes, deixando-os mais brancos e brilhantes. Ele pode ser realizado por profissionais de odontologia em uma cl\\u00ednica odontol\\u00f3gica.<\\\/p><p><b>OBJETIVO:<\\\/b><\\\/p><p>O objetivo do clareamento dental \\u00e9 remover manchas e descolora\\u00e7\\u00f5es dos dentes, resultando em um sorriso mais est\\u00e9tico e confiante para o paciente.<\\\/p>\"}},{\"@type\":\"Question\",\"name\":\"POP \\u2013 Coloca\\u00e7\\u00e3o de barreiras de prote\\u00e7\\u00e3o das superf\\u00edcies do equipamento odontol\\u00f3gico\",\"acceptedAnswer\":{\"@type\":\"Answer\",\"text\":\"<p>A utiliza\\u00e7\\u00e3o das barreiras para prote\\u00e7\\u00e3o da superf\\u00edcie dos equipamentos odontol\\u00f3gicos fornece seguran\\u00e7a aos profissionais e pacientes, evitando e\\\/ou minimizando os riscos \\u00e0 sa\\u00fade.<\\\/p><p><b>OBJETIVO:<\\\/b><\\\/p><p>Evitar infec\\u00e7\\u00e3o cruzada entre a dissemina\\u00e7\\u00e3o de microrganismos pass\\u00edveis de transmiss\\u00e3o de doen\\u00e7as infectocontagiosas entre profissionais e pacientes.<\\\/p>\"}},{\"@type\":\"Question\",\"name\":\"POP \\u2013 Coroa Dent\\u00e1ria\",\"acceptedAnswer\":{\"@type\":\"Answer\",\"text\":\"<p>Procedimento odontol\\u00f3gico que envolve a coloca\\u00e7\\u00e3o de uma capa protetora sobre um dente danificado ou enfraquecido. A coroa \\u00e9 projetada para cobrir todo o dente, desde a linha da gengiva at\\u00e9 a ponta, para restaurar sua forma, tamanho, cor e for\\u00e7a originais.<\\\/p><p><b>INDICA\\u00c7\\u00d5ES:<\\\/b><\\\/p><p>\\u2022 Dentes com extensa destrui\\u00e7\\u00e3o.<br \\\/>\\u2022 Dentes com muitas restaura\\u00e7\\u00f5es.<br \\\/>\\u2022 Necessidade de m\\u00e1xima reten\\u00e7\\u00e3o e estabilidade.<br \\\/>\\u2022 Melhorar o contorno do dente para PPR.<br \\\/>\\u2022 Corrigir o plano oclusal.<br \\\/>\\u2022 Corrigir dentes malposicionados.<br \\\/>\\u2022 Retentor de pr\\u00f3tese parcial fixa.<\\\/p>\"}},{\"@type\":\"Question\",\"name\":\"POP \\u2013 Desinfec\\u00e7\\u00e3o de tubete de anest\\u00e9sico em procedimentos semicr\\u00edticos e cr\\u00edticos\",\"acceptedAnswer\":{\"@type\":\"Answer\",\"text\":\"<p>Processo de desinfec\\u00e7\\u00e3o da superf\\u00edcie do tubete anest\\u00e9sico como medida de biosseguran\\u00e7a com emprego de agente qu\\u00edmico, visando elimina\\u00e7\\u00e3o das formas vegetativas dos microorganismos, exceto esporulados.<\\\/p><p><b>OBJETIVO:<\\\/b><\\\/p><p>Promover a elimina\\u00e7\\u00e3o de mat\\u00e9ria org\\u00e2nica e redu\\u00e7\\u00e3o dos microorganismos da superf\\u00edcie externa do tubete anest\\u00e9sico, garantindo a seguran\\u00e7a no seu manuseio, evitando a dissemina\\u00e7\\u00e3o dos microorganismos e o risco de infec\\u00e7\\u00e3o cruzada.<\\\/p>\"}},{\"@type\":\"Question\",\"name\":\"POP \\u2013 Drenagem de Compressor Odontol\\u00f3gico\",\"acceptedAnswer\":{\"@type\":\"Answer\",\"text\":\"<p>Assegurar o bom funcionamento do compressor e manter seu desempenho.<\\\/p><p><b>CAMPO DE APLICA\\u00c7\\u00c3O:<\\\/b><\\\/p><p>Unidades de Sa\\u00fade da Secretaria Municipal de Sa\\u00fade de Ribeir\\u00e3o Preto \\\/ Servi\\u00e7o de Odontologia.<\\\/p>\"}},{\"@type\":\"Question\",\"name\":\"POP \\u2013 Endodontia\",\"acceptedAnswer\":{\"@type\":\"Answer\",\"text\":\"<p>O tratamento de endodontia, tamb\\u00e9m conhecido como tratamento de canal, \\u00e9 um procedimento odontol\\u00f3gico realizado quando a polpa do dente est\\u00e1 infectada, inflamada ou danificada. O objetivo principal \\u00e9 remover a polpa comprometida, limpar o canal radicular, desinfetar e selar para preservar a estrutura dent\\u00e1ria e aliviar a dor e a infec\\u00e7\\u00e3o.<\\\/p><p><b>OBJETIVO:<\\\/b><\\\/p><p>O objetivo do tratamento de endodontia \\u00e9 salvar o dente e manter sua fun\\u00e7\\u00e3o normal, prevenindo a propaga\\u00e7\\u00e3o da infec\\u00e7\\u00e3o para os tecidos ao redor do dente e evitando a necessidade de extra\\u00e7\\u00e3o.<\\\/p>\"}},{\"@type\":\"Question\",\"name\":\"POP \\u2013 Extra\\u00e7\\u00e3o de Sisos\",\"acceptedAnswer\":{\"@type\":\"Answer\",\"text\":\"<p>A extra\\u00e7\\u00e3o de sisos, tamb\\u00e9m conhecidos como terceiros molares, \\u00e9 um procedimento odontol\\u00f3gico que envolve a remo\\u00e7\\u00e3o de um ou mais dentes molares localizados no fundo da boca. Esses dentes s\\u00e3o frequentemente extra\\u00eddos devido a problemas de impacta\\u00e7\\u00e3o, falta de espa\\u00e7o ou complica\\u00e7\\u00f5es dent\\u00e1rias.<\\\/p><p><b>OBJETIVO:<\\\/b><\\\/p><p>O objetivo da extra\\u00e7\\u00e3o de sisos \\u00e9 eliminar problemas associados, como dor, infec\\u00e7\\u00f5es, cistos ou danos a outros dentes. A extra\\u00e7\\u00e3o pode ser necess\\u00e1ria para manter a sa\\u00fade bucal do paciente.<\\\/p>\"}},{\"@type\":\"Question\",\"name\":\"POP \\u2013 Extra\\u00e7\\u00e3o Dent\\u00e1ria\",\"acceptedAnswer\":{\"@type\":\"Answer\",\"text\":\"<p>A extra\\u00e7\\u00e3o dent\\u00e1ria \\u00e9 um procedimento odontol\\u00f3gico realizado para remover um dente da boca, seja ele um dente permanente ou um dente dec\\u00edduo (dente de leite).<\\\/p><p><b>OBJETIVO:<\\\/b><\\\/p><p>O objetivo da extra\\u00e7\\u00e3o dent\\u00e1ria pode variar, incluindo a remo\\u00e7\\u00e3o de dentes danificados, comprometidos, impactados, supranumer\\u00e1rios ou dentes que causam problemas de alinhamento.<\\\/p>\"}},{\"@type\":\"Question\",\"name\":\"POP \\u2013 Falta de Energia El\\u00e9trica\",\"acceptedAnswer\":{\"@type\":\"Answer\",\"text\":\"<p>A falta de energia el\\u00e9trica \\u00e9 a interrup\\u00e7\\u00e3o inesperada do fornecimento de energia que pode afetar o funcionamento regular de equipamentos e procedimentos em uma cl\\u00ednica odontol\\u00f3gica.<\\\/p><p><b>OBJETIVO:<\\\/b><\\\/p><p>Garantir a seguran\\u00e7a dos pacientes, da equipe e a continuidade dos procedimentos odontol\\u00f3gicos durante a falta de energia el\\u00e9trica, minimizando poss\\u00edveis impactos negativos.<\\\/p>\"}},{\"@type\":\"Question\",\"name\":\"POP \\u2013 Fios absorv\\u00edveis de polidioxanona (PDO)\",\"acceptedAnswer\":{\"@type\":\"Answer\",\"text\":\"<p>A polidioxanona (PDO) \\u00e9 um pol\\u00edmero sint\\u00e9tico, biodegrad\\u00e1vel e n\\u00e3o alerg\\u00eanico. Quando aplicado na pele, dentro de 180 dias o fio sofre hidr\\u00f3lise, formando um tecido cicatricial composto de fibras proteicas. Existem v\\u00e1rios tipos de fios (lisos, duplos, espiculados, parafusos e de tra\\u00e7\\u00e3o), e sua aplicabilidade depende do objetivo do tratamento.<\\\/p><p><b>INDICA\\u00c7\\u00c3O:<\\\/b><\\\/p><p>\\u2022 Flacidez facial e corporal<br \\\/>\\u2022 Cicatriz de acne<br \\\/>\\u2022 Rugas periorbiculares<br \\\/>\\u2022 Sulco nasogeniano<br \\\/>\\u2022 Linhas de marionete<br \\\/>\\u2022 Flacidez das sobrancelhas<br \\\/>\\u2022 Melhoramento de textura e luminosidade da pele<\\\/p>\"}},{\"@type\":\"Question\",\"name\":\"POP \\u2013 Fluxo de Atendimento a Intercorr\\u00eancias\",\"acceptedAnswer\":{\"@type\":\"Answer\",\"text\":\"<p>O POP para fluxo de atendimento a intercorr\\u00eancias em odontologia \\u00e9 um conjunto de diretrizes que descrevem como a equipe deve lidar com emerg\\u00eancias ou complica\\u00e7\\u00f5es que possam ocorrer durante o atendimento. Essas intercorr\\u00eancias podem incluir desde rea\\u00e7\\u00f5es al\\u00e9rgicas at\\u00e9 eventos graves, como parada cardiorrespirat\\u00f3ria.<\\\/p><p><b>OBJETIVO:<\\\/b><\\\/p><p>O objetivo \\u00e9 garantir que a equipe esteja preparada para agir de forma r\\u00e1pida e segura em situa\\u00e7\\u00f5es emergenciais, minimizando riscos para o paciente e garantindo o melhor atendimento poss\\u00edvel em casos de complica\\u00e7\\u00f5es.<\\\/p>\"}},{\"@type\":\"Question\",\"name\":\"POP \\u2013 Implante Dent\\u00e1rio\",\"acceptedAnswer\":{\"@type\":\"Answer\",\"text\":\"<p>O implante dent\\u00e1rio \\u00e9 um procedimento cir\\u00fargico que envolve a substitui\\u00e7\\u00e3o de uma ou mais ra\\u00edzes de dentes ausentes por implantes de tit\\u00e2nio. Esses implantes s\\u00e3o colocados no osso maxilar ou mandibular e servem como base s\\u00f3lida para a fixa\\u00e7\\u00e3o de pr\\u00f3teses dent\\u00e1rias, restaurando a fun\\u00e7\\u00e3o mastigat\\u00f3ria e a est\\u00e9tica do sorriso.<\\\/p><p><b>OBJETIVO:<\\\/b><\\\/p><p>O objetivo do implante dent\\u00e1rio \\u00e9 restaurar a fun\\u00e7\\u00e3o e a est\\u00e9tica dos dentes perdidos, oferecendo uma solu\\u00e7\\u00e3o duradoura e est\\u00e1vel, permitindo que os pacientes recuperem a capacidade de mastigar adequadamente e melhorem a apar\\u00eancia natural do sorriso.<\\\/p>\"}},{\"@type\":\"Question\",\"name\":\"POP \\u2013 Higieniza\\u00e7\\u00e3o das M\\u00e3os\",\"acceptedAnswer\":{\"@type\":\"Answer\",\"text\":\"<p>A higieniza\\u00e7\\u00e3o das m\\u00e3os \\u00e9 a medida individual mais simples e menos dispendiosa para prevenir a propaga\\u00e7\\u00e3o das infec\\u00e7\\u00f5es relacionadas \\u00e0 assist\\u00eancia \\u00e0 sa\\u00fade.<\\\/p><p><b>OBJETIVO:<\\\/b><\\\/p><p>\\u2022 Remover a sujidade e outros res\\u00edduos<br \\\/>\\u2022 Reduzir a microbiota transit\\u00f3ria<br \\\/>\\u2022 Prevenir a transmiss\\u00e3o de microorganismos patog\\u00eanicos (infec\\u00e7\\u00e3o cruzada)<\\\/p>\"}},{\"@type\":\"Question\",\"name\":\"POP \\u2013 Jato de Plasma\",\"acceptedAnswer\":{\"@type\":\"Answer\",\"text\":\"<p>Trata-se de um procedimento de eletroestimula\\u00e7\\u00e3o que provoca microles\\u00f5es por meio de um processo inflamat\\u00f3rio controlado, com a finalidade de estimular o col\\u00e1geno e promover cicatriza\\u00e7\\u00e3o tecidual. O jato de plasma utiliza um equipamento de corrente com alta tens\\u00e3o e alta intensidade, enquanto o eletrocaut\\u00e9rio utiliza corrente alternada de baixa tens\\u00e3o e alta intensidade.<\\\/p><p><b>INDICA\\u00c7\\u00c3O:<\\\/b><\\\/p><p>\\u2022 Rugas e linhas de express\\u00e3o<br \\\/>\\u2022 Est\\u00edmulo de col\\u00e1geno<br \\\/>\\u2022 P\\u00e1lpebras fl\\u00e1cidas<br \\\/>\\u2022 Rejuvenescimento<br \\\/>\\u2022 Cicatrizes de acne<br \\\/>\\u2022 Estrias<br \\\/>\\u2022 Cicatrizes<br \\\/>\\u2022 Remo\\u00e7\\u00e3o de verrugas<\\\/p>\"}},{\"@type\":\"Question\",\"name\":\"POP \\u2013 Limpeza e Desinfec\\u00e7\\u00e3o de Intrumentais Odontol\\u00f3gicos\",\"acceptedAnswer\":{\"@type\":\"Answer\",\"text\":\"<p>Promover a limpeza e desinfec\\u00e7\\u00e3o de instrumentais usados em odontologia que n\\u00e3o s\\u00e3o pass\\u00edveis de esteriliza\\u00e7\\u00e3o a vapor (autoclavagem).<\\\/p><p><b>CAMPO DE APLICA\\u00c7\\u00c3O:<\\\/b><\\\/p><p>Servi\\u00e7o de Odontologia.<\\\/p>\"}},{\"@type\":\"Question\",\"name\":\"POP \\u2013 Limpeza e Desinfec\\u00e7\\u00e3o de Superf\\u00edcies\",\"acceptedAnswer\":{\"@type\":\"Answer\",\"text\":\"<p>Limpeza: remo\\u00e7\\u00e3o, por meio mec\\u00e2nico e\\\/ou f\\u00edsico, da sujidade depositada nas superf\\u00edcies inertes, que serve de suporte para microrganismos. Desinfec\\u00e7\\u00e3o: elimina\\u00e7\\u00e3o de microrganismos em superf\\u00edcies limpas atrav\\u00e9s de agentes f\\u00edsicos ou qu\\u00edmicos.<\\\/p><p><b>OBJETIVO:<\\\/b><\\\/p><p>Remover res\\u00edduos org\\u00e2nicos e inorg\\u00e2nicos de superf\\u00edcies fixas e bancadas, promovendo a destrui\\u00e7\\u00e3o de microrganismos para evitar sua dissemina\\u00e7\\u00e3o.<\\\/p>\"}},{\"@type\":\"Question\",\"name\":\"POP \\u2013 Limpeza e Desinfec\\u00e7\\u00e3o de Almotolias\",\"acceptedAnswer\":{\"@type\":\"Answer\",\"text\":\"<p>Consiste na remo\\u00e7\\u00e3o, por meio qu\\u00edmico ou mec\\u00e2nico, da sujidade depositada nas almotolias para a elimina\\u00e7\\u00e3o e destrui\\u00e7\\u00e3o de microrganismos, patog\\u00eanicos ou n\\u00e3o, em sua forma vegetativa.<\\\/p><p><b>OBJETIVO:<\\\/b><\\\/p><p>Remover sujidades e res\\u00edduos de mat\\u00e9ria org\\u00e2nica das almotolias para prevenir e controlar infec\\u00e7\\u00f5es cruzadas.<\\\/p>\"}},{\"@type\":\"Question\",\"name\":\"POP \\u2013 Limpeza e Desinfec\\u00e7\\u00e3o de Moldes, Modelos e Pr\\u00f3teses\",\"acceptedAnswer\":{\"@type\":\"Answer\",\"text\":\"<p>Promover a limpeza e desinfec\\u00e7\\u00e3o de moldes, modelos e pr\\u00f3teses, garantindo seguran\\u00e7a no manuseio do material e minimizando a contamina\\u00e7\\u00e3o cruzada entre o profissional e o t\\u00e9cnico de laborat\\u00f3rio.<\\\/p><p><b>CAMPO DE APLICA\\u00c7\\u00c3O:<\\\/b><\\\/p><p>Servi\\u00e7o de Odontologia.<\\\/p>\"}},{\"@type\":\"Question\",\"name\":\"POP \\u2013 Limpeza e Desinfec\\u00e7\\u00e3o do Aparelho de Radiografia Odontol\\u00f3gica\",\"acceptedAnswer\":{\"@type\":\"Answer\",\"text\":\"<p>Limpeza \\u00e9 a remo\\u00e7\\u00e3o mec\\u00e2nica e\\\/ou qu\\u00edmica da sujidade, realizada anteriormente \\u00e0 desinfec\\u00e7\\u00e3o. Desinfec\\u00e7\\u00e3o \\u00e9 o processo que elimina as formas vegetativas de microrganismos, exceto os esporulados.<\\\/p><p><b>OBJETIVO:<\\\/b><\\\/p><p>Remover sujidades e res\\u00edduos org\\u00e2nicos ou inorg\\u00e2nicos do aparelho de radiografia para prevenir e controlar infec\\u00e7\\u00f5es cruzadas.<\\\/p>\"}},{\"@type\":\"Question\",\"name\":\"POP \\u2013 Limpeza e Desinfec\\u00e7\\u00e3o do Aparelho Fotopolimerizador, Negatosc\\u00f3pio, Ultrassim, Esteriliza\\u00e7\\u00e3o e Armazenamento dos Acess\\u00f3rios\",\"acceptedAnswer\":{\"@type\":\"Answer\",\"text\":\"<p>A limpeza e desinfec\\u00e7\\u00e3o consiste na remo\\u00e7\\u00e3o da sujidade nas superf\\u00edcies dos equipamentos, enquanto a esteriliza\\u00e7\\u00e3o visa \\u00e0 completa elimina\\u00e7\\u00e3o de todas as formas de microrganismos presentes, garantindo um aceit\\u00e1vel n\\u00edvel de seguran\\u00e7a.<\\\/p><p><b>OBJETIVO:<\\\/b><\\\/p><p>Remover sujidades e res\\u00edduos de mat\\u00e9ria org\\u00e2nica para prevenir e controlar infec\\u00e7\\u00f5es cruzadas.<\\\/p>\"}},{\"@type\":\"Question\",\"name\":\"POP \\u2013 Limpeza e Desinfec\\u00e7\\u00e3o do Sistema de Succ\\u00e7\\u00e3o do Consult\\u00f3rio Odontol\\u00f3gico\",\"acceptedAnswer\":{\"@type\":\"Answer\",\"text\":\"<p>Promover a limpeza e desinfec\\u00e7\\u00e3o do sistema de suc\\u00e7\\u00e3o do Consult\\u00f3rio Odontol\\u00f3gico entre cada atendimento e ao final do dia, mantendo o equipamento livre de sujidades e desinfetado.<\\\/p><p><b>CAMPO DE APLICA\\u00c7\\u00c3O:<\\\/b><\\\/p><p>Servi\\u00e7o de Odontologia.<\\\/p>\"}},{\"@type\":\"Question\",\"name\":\"POP \\u2013 Limpeza e Desinfec\\u00e7\\u00e3o do Sistema de \\u00c1gua do Consult\\u00f3rio Odontol\\u00f3gico\",\"acceptedAnswer\":{\"@type\":\"Answer\",\"text\":\"<p>Manter o sistema de \\u00e1gua (linhas d\\u2019\\u00e1gua e tubula\\u00e7\\u00f5es) do consult\\u00f3rio odontol\\u00f3gico livre de sujidades e desinfetado, evitando a forma\\u00e7\\u00e3o de biofilme microbiano e a contamina\\u00e7\\u00e3o do paciente.<\\\/p><p><b>CAMPO DE APLICA\\u00c7\\u00c3O:<\\\/b><\\\/p><p>Servi\\u00e7o de Odontologia.<\\\/p>\"}},{\"@type\":\"Question\",\"name\":\"POP \\u2013 Limpeza e Esteriliza\\u00e7\\u00e3o de Instrumentos de Alta e Baixa Rota\\u00e7\\u00e3o\",\"acceptedAnswer\":{\"@type\":\"Answer\",\"text\":\"<p>Promover a limpeza e esteriliza\\u00e7\\u00e3o a vapor (autoclavagem) de instrumentos de alta e baixa rota\\u00e7\\u00e3o, contra-\\u00e2ngulo e pe\\u00e7a reta.<\\\/p><p><b>CAMPO DE APLICA\\u00c7\\u00c3O:<\\\/b><\\\/p><p>Se\\u00e7\\u00e3o de preparo e esteriliza\\u00e7\\u00e3o. Servi\\u00e7o de Odontologia.<\\\/p>\"}},{\"@type\":\"Question\",\"name\":\"POP \\u2013 Manten\\u00e7\\u00e3o de Equipamentos Odontol\\u00f3gicos\",\"acceptedAnswer\":{\"@type\":\"Answer\",\"text\":\"<p>A manuten\\u00e7\\u00e3o de equipamentos odontol\\u00f3gicos consiste em um conjunto de procedimentos t\\u00e9cnicos e pr\\u00e1ticas regulares para garantir o funcionamento eficiente, a seguran\\u00e7a e a durabilidade dos dispositivos e instrumentos utilizados em uma cl\\u00ednica odontol\\u00f3gica.<\\\/p><p><b>OBJETIVO:<\\\/b><\\\/p><p>Assegurar que todos os aparelhos odontol\\u00f3gicos estejam em boas condi\\u00e7\\u00f5es de opera\\u00e7\\u00e3o, minimizando riscos de falhas, garantindo a seguran\\u00e7a dos pacientes e promovendo a qualidade dos servi\\u00e7os prestados.<\\\/p>\"}},{\"@type\":\"Question\",\"name\":\"POP \\u2013 M\\u00e1quina de Raio-X Dent\\u00e1ria\",\"acceptedAnswer\":{\"@type\":\"Answer\",\"text\":\"<p>A m\\u00e1quina de Raio-X dent\\u00e1ria \\u00e9 um equipamento utilizado para capturar imagens radiogr\\u00e1ficas dos dentes e estruturas adjacentes, essenciais para diagn\\u00f3stico e planejamento de tratamento odontol\\u00f3gico.<\\\/p><p><b>OBJETIVO:<\\\/b><\\\/p><p>Garantir a aquisi\\u00e7\\u00e3o de imagens de alta qualidade com a menor exposi\\u00e7\\u00e3o poss\\u00edvel \\u00e0 radia\\u00e7\\u00e3o, promovendo diagn\\u00f3sticos precisos e a sa\\u00fade bucal dos pacientes.<\\\/p>\"}},{\"@type\":\"Question\",\"name\":\"POP \\u2013 Medidas Preventivas para Evitar Acidentes\",\"acceptedAnswer\":{\"@type\":\"Answer\",\"text\":\"<p>Conjunto de medidas empregadas com o objetivo de proteger a equipe e os pacientes em ambiente cl\\u00ednico-cir\\u00fargico, prevenindo acidentes e transmiss\\u00e3o de agentes infecciosos.<\\\/p><p><b>OBJETIVO:<\\\/b><\\\/p><p>Aplicar medidas de precau\\u00e7\\u00e3o para evitar riscos de acidentes durante procedimentos odontol\\u00f3gicos e transmiss\\u00e3o de agentes infecciosos, protegendo a sa\\u00fade dos profissionais e pacientes.<\\\/p>\"}},{\"@type\":\"Question\",\"name\":\"POP \\u2013 Microagulhamento com Drug Delivery\",\"acceptedAnswer\":{\"@type\":\"Answer\",\"text\":\"<p>Procedimento est\\u00e9tico realizado com caneta dermapen ou derma-roller para estimular col\\u00e1geno e promover rejuvenescimento. Pode incluir a aplica\\u00e7\\u00e3o de ativos como \\u00c1cido Hialur\\u00f4nico, DMAE, entre outros.<\\\/p><p><b>INDICA\\u00c7\\u00c3O:<\\\/b><\\\/p><p>\\u2022 Tratamentos capilar: Crescimento e fortalecimento capilar.<br \\\/>\\u2022 Tratamento facial: Poros dilatados, cicatriz de acne, rejuvenescimento facial.<br \\\/>\\u2022 Tratamento corporal: Rejuvenescimento do colo e pesco\\u00e7o, linhas finas, flacidez e estrias.<\\\/p>\"}},{\"@type\":\"Question\",\"name\":\"POP \\u2013 Ortodontia\",\"acceptedAnswer\":{\"@type\":\"Answer\",\"text\":\"<p>Ortodontia \\u00e9 a especialidade da odontologia que se dedica ao diagn\\u00f3stico, preven\\u00e7\\u00e3o e tratamento de irregularidades dent\\u00e1rias e faciais, visando \\u00e0 corre\\u00e7\\u00e3o da posi\\u00e7\\u00e3o dos dentes e o alinhamento da mand\\u00edbula.<\\\/p><p><b>OBJETIVO:<\\\/b><\\\/p><p>Melhorar a est\\u00e9tica e a fun\\u00e7\\u00e3o bucal, proporcionando um sorriso saud\\u00e1vel e bonito, al\\u00e9m de corrigir problemas de oclus\\u00e3o e mastiga\\u00e7\\u00e3o.<\\\/p>\"}},{\"@type\":\"Question\",\"name\":\"POP \\u2013 Intradermoterapia Gordura Submentoniana (Papada)\",\"acceptedAnswer\":{\"@type\":\"Answer\",\"text\":\"<p>Procedimento est\\u00e9tico injet\\u00e1vel de f\\u00e1rmacos atrav\\u00e9s da via subcut\\u00e2nea para a redu\\u00e7\\u00e3o de gordura na regi\\u00e3o da papada.<\\\/p><p><b>INDICA\\u00c7\\u00c3O:<\\\/b><\\\/p><p>Redu\\u00e7\\u00e3o de gordura submentoniana.<\\\/p>\"}},{\"@type\":\"Question\",\"name\":\"POP \\u2013 Peeling Qu\\u00edmico\",\"acceptedAnswer\":{\"@type\":\"Answer\",\"text\":\"<p>Procedimento est\\u00e9tico t\\u00f3pico que utiliza diferentes \\u00e1cidos para atingir diversas camadas da pele, promovendo sua renova\\u00e7\\u00e3o por meio da descama\\u00e7\\u00e3o ou despigmenta\\u00e7\\u00e3o.<\\\/p><p><b>INDICA\\u00c7\\u00c3O:<\\\/b><\\\/p><p>Poros dilatados, cicatrizes de acne, redu\\u00e7\\u00e3o de comed\\u00f5es, rugas finas, est\\u00edmulo de col\\u00e1geno, rejuvenescimento facial, fotoenvelhecimento, afinamento do extrato c\\u00f3rneo.<\\\/p>\"}},{\"@type\":\"Question\",\"name\":\"POP \\u2013 Platismoplastia\",\"acceptedAnswer\":{\"@type\":\"Answer\",\"text\":\"<p>A platismoplastia \\u00e9 um procedimento cir\\u00fargico est\\u00e9tico realizado para melhorar a apar\\u00eancia do pesco\\u00e7o e da regi\\u00e3o do queixo, corrigindo a flacidez muscular e o excesso de pele.<\\\/p><p><b>OBJETIVO:<\\\/b><\\\/p><p>Melhorar a apar\\u00eancia do pesco\\u00e7o, eliminando o aspecto de &#8220;papada&#8221;, proporcionando um contorno mais suave e jovem \\u00e0 regi\\u00e3o cervical.<\\\/p>\"}},{\"@type\":\"Question\",\"name\":\"POP \\u2013 Profilaxia\\\/Remo\\u00e7\\u00e3o de Placa Bacteriana\",\"acceptedAnswer\":{\"@type\":\"Answer\",\"text\":\"<p>Remover placa bacteriana das superf\\u00edcies dent\\u00e1rias, prevenindo doen\\u00e7as bucais. O procedimento pode ser realizado com jato de bicarbonato ou utilizando escova de Robson e\\\/ou ta\\u00e7a de borracha com pasta profil\\u00e1tica ou pedra-pomes.<\\\/p><p><b>MATERIAIS UTILIZADOS:<\\\/b><\\\/p><p>\\u2022 Ta\\u00e7a de borracha ou escova de Robson<br \\\/>\\u2022 Pedra-pomes ou pasta profil\\u00e1tica<br \\\/>\\u2022 EPIs (jaleco, gorro, m\\u00e1scara, \\u00f3culos de prote\\u00e7\\u00e3o)<br \\\/>\\u2022 Sugador descart\\u00e1vel<br \\\/>\\u2022 Fio dental<\\\/p>\"}},{\"@type\":\"Question\",\"name\":\"POP \\u2013 Preenchimento Facial com \\u00c1cido Hialur\\u00f4nico\",\"acceptedAnswer\":{\"@type\":\"Answer\",\"text\":\"<p>A t\\u00e9cnica de preenchimento facial utiliza subst\\u00e2ncias biocompat\\u00edveis para remodelar, corrigir assimetrias e devolver volume, especialmente nas \\u00e1reas afetadas pelo envelhecimento. O \\u00e1cido hialur\\u00f4nico \\u00e9 o preenchedor mais utilizado por sua biocompatibilidade e seguran\\u00e7a.<\\\/p><p><b>INDICA\\u00c7\\u00c3O:<\\\/b><\\\/p><p>Definir contornos mandibulares, rinomodela\\u00e7\\u00e3o, preenchimento de sulcos e rugas, devolu\\u00e7\\u00e3o de volume em \\u00e1reas com perda de gordura e contorno labial.<\\\/p>\"}},{\"@type\":\"Question\",\"name\":\"POP \\u2013 Programa de Preven\\u00e7\\u00e3o de Riscos Ambientais (PPRA) em Odontologia\",\"acceptedAnswer\":{\"@type\":\"Answer\",\"text\":\"<p>O Programa de Preven\\u00e7\\u00e3o de Riscos Ambientais (PPRA) \\u00e9 uma ferramenta de gest\\u00e3o que tem como objetivo identificar, avaliar e controlar os riscos ambientais presentes no ambiente de trabalho, visando \\u00e0 preserva\\u00e7\\u00e3o da sa\\u00fade e integridade dos profissionais envolvidos. Em odontologia, o PPRA \\u00e9 essencial para garantir a seguran\\u00e7a dos dentistas, auxiliares e pacientes em rela\\u00e7\\u00e3o aos riscos ambientais existentes.<\\\/p><p><b>2. OBJETIVO:<\\\/b><\\\/p><p>Eliminar ou reduzir ao m\\u00ednimo os riscos ambientais presentes no ambiente de trabalho odontol\\u00f3gico, prevenindo acidentes e doen\\u00e7as ocupacionais, garantindo a sa\\u00fade e seguran\\u00e7a de todos os envolvidos.<\\\/p>\"}},{\"@type\":\"Question\",\"name\":\"POP \\u2013 Prote\\u00e7\\u00e3o Radiol\\u00f3gica: Dispositivos de Seguran\\u00e7a Individual e Coletivo\",\"acceptedAnswer\":{\"@type\":\"Answer\",\"text\":\"<p>S\\u00e3o dispositivos e equipamentos utilizados para proteger e minimizar os danos aos profissionais e pacientes expostos \\u00e0 radia\\u00e7\\u00e3o ionizante, garantindo que o benef\\u00edcio do uso da radia\\u00e7\\u00e3o seja maior que os danos potenciais.<\\\/p><p><b>OBJETIVO:<\\\/b><\\\/p><p>Garantir a prote\\u00e7\\u00e3o do operador e equipe respons\\u00e1veis pelo manejo dos equipamentos de raios X odontol\\u00f3gico, evitando exposi\\u00e7\\u00f5es acidentais.<\\\/p>\"}},{\"@type\":\"Question\",\"name\":\"POP \\u2013 Restaura\\u00e7\\u00e3o de Dente Permanente\",\"acceptedAnswer\":{\"@type\":\"Answer\",\"text\":\"<p>Realizar tratamento dent\\u00e1rio utilizando instrumentos manuais e\\\/ou rotat\\u00f3rios para qualquer tipo de cavidade dent\\u00e1ria, com emprego de material restaurador como resina ou ion\\u00f4mero de vidro, podendo ou n\\u00e3o envolver o uso de pino rosque\\u00e1vel.<\\\/p><p><b>MATERIAIS UTILIZADOS:<\\\/b><\\\/p><p>\\u2022 Kit Bandeja b\\u00e1sica<br \\\/>\\u2022 Carpule<br \\\/>\\u2022 Agulha gengival<br \\\/>\\u2022 Anest\\u00e9sico t\\u00f3pico<br \\\/>\\u2022 Solu\\u00e7\\u00e3o anest\\u00e9sica<br \\\/>\\u2022 Sugador<br \\\/>\\u2022 Compressa de gaze esterilizada<br \\\/>\\u2022 Material restaurador (Ion\\u00f4mero de vidro ou resina)<br \\\/>\\u2022 Tira de poli\\u00e9ster, brocas de polimento, lixas e disco de polimento<br \\\/>\\u2022 EPIs (luva de procedimento, gorro, m\\u00e1scara, \\u00f3culos de prote\\u00e7\\u00e3o e avental)<\\\/p>\"}},{\"@type\":\"Question\",\"name\":\"POP \\u2013 Rinomodela\\u00e7\\u00e3o Definitiva\",\"acceptedAnswer\":{\"@type\":\"Answer\",\"text\":\"<p>A rinomodela\\u00e7\\u00e3o definitiva \\u00e9 um procedimento est\\u00e9tico n\\u00e3o cir\\u00fargico para alterar a forma e estrutura do nariz por meio da aplica\\u00e7\\u00e3o de preenchedores d\\u00e9rmicos, sendo uma alternativa menos invasiva \\u00e0 rinoplastia tradicional.<\\\/p><p><b>OBJETIVO:<\\\/b><\\\/p><p>Corrigir imperfei\\u00e7\\u00f5es est\\u00e9ticas do nariz, como irregularidades no dorso nasal, ponta ca\\u00edda, assimetrias e depress\\u00f5es, proporcionando uma apar\\u00eancia mais harmoniosa e equilibrada.<\\\/p>\"}},{\"@type\":\"Question\",\"name\":\"POP \\u2013 Seguran\\u00e7a dos Pacientes\",\"acceptedAnswer\":{\"@type\":\"Answer\",\"text\":\"<p>A seguran\\u00e7a dos pacientes envolve medidas e protocolos destinados a garantir a prote\\u00e7\\u00e3o e o bem-estar dos pacientes em cl\\u00ednicas odontol\\u00f3gicas, minimizando os riscos durante os tratamentos.<\\\/p><p><b>OBJETIVO:<\\\/b><\\\/p><p>Minimizar os riscos de eventos adversos, infec\\u00e7\\u00f5es ou les\\u00f5es que possam comprometer a sa\\u00fade do paciente durante a consulta ou tratamento odontol\\u00f3gico.<\\\/p>\"}},{\"@type\":\"Question\",\"name\":\"POP \\u2013 Intradermoterapia Skinbooster\",\"acceptedAnswer\":{\"@type\":\"Answer\",\"text\":\"<p>O skinbooster \\u00e9 um procedimento est\\u00e9tico injet\\u00e1vel de intradermoterapia, com a fun\\u00e7\\u00e3o de hidrata\\u00e7\\u00e3o e revitaliza\\u00e7\\u00e3o da pele. O \\u00e1cido hialur\\u00f4nico (AH) \\u00e9 a subst\\u00e2ncia principal no Skinbooster, sendo associado a outros ativos como DMAE, sil\\u00edcio org\\u00e2nico, \\u00e1cido glic\\u00f3lico, col\\u00e1geno, elastina e vitamina C.<\\\/p><p><b>INDICA\\u00c7\\u00c3O:<\\\/b><\\\/p><p>\\u2022 Hidrata\\u00e7\\u00e3o da pele<br \\\/>\\u2022 Hidrata\\u00e7\\u00e3o dos l\\u00e1bios<br \\\/>\\u2022 Rugas finas<br \\\/>\\u2022 Melhora o aspecto das olheiras<br \\\/>\\u2022 Cicatrizes de acne<\\\/p>\"}},{\"@type\":\"Question\",\"name\":\"POP \\u2013 Teste Biol\\u00f3gico Semanal do Ciclo de Esteriliza\\u00e7\\u00e3o\",\"acceptedAnswer\":{\"@type\":\"Answer\",\"text\":\"<p>O teste biol\\u00f3gico semanal \\u00e9 realizado para avaliar a efic\\u00e1cia do ciclo de esteriliza\\u00e7\\u00e3o na autoclave, utilizando ampolas contendo o esporo Geobacillus stearothermophilus para identificar falhas no equipamento.<\\\/p><p><b>OBJETIVO:<\\\/b><\\\/p><p>Verificar a resist\\u00eancia dos esporos ao agente esterilizante, garantindo que o ciclo de esteriliza\\u00e7\\u00e3o foi eficaz e que n\\u00e3o h\\u00e1 microrganismos vivos ap\\u00f3s o processo.<\\\/p>\"}},{\"@type\":\"Question\",\"name\":\"POP \\u2013 Aplica\\u00e7\\u00e3o de Toxina Botul\\u00ednica (Botox)\",\"acceptedAnswer\":{\"@type\":\"Answer\",\"text\":\"<p>A toxina botul\\u00ednica, derivada da bact\\u00e9ria Clostridium botulinum, \\u00e9 uma neurotoxina utilizada para fins est\\u00e9ticos. O sorotipo A \\u00e9 o mais utilizado, atuando na suaviza\\u00e7\\u00e3o de rugas e linhas de express\\u00e3o.<\\\/p><p><b>INDICA\\u00c7\\u00c3O:<\\\/b><\\\/p><p>\\u2022 Suaviza\\u00e7\\u00e3o de rugas frontais, periorbiculares, periorais e glabela<br \\\/>\\u2022 Tratamento do sorriso gengival<br \\\/>\\u2022 T\\u00e9cnica de microbotox<\\\/p>\"}},{\"@type\":\"Question\",\"name\":\"POP \\u2013 Uso de Equipamentos de Prote\\u00e7\\u00e3o Individual (EPIs)\",\"acceptedAnswer\":{\"@type\":\"Answer\",\"text\":\"<p>Equipamentos de Prote\\u00e7\\u00e3o Individual (EPIs) s\\u00e3o dispositivos utilizados pelos profissionais da sa\\u00fade para proteger contra riscos \\u00e0 sa\\u00fade e seguran\\u00e7a no ambiente de trabalho odontol\\u00f3gico.<\\\/p><p><b>OBJETIVO:<\\\/b><\\\/p><p>O objetivo \\u00e9 proteger os profissionais e pacientes contra riscos biol\\u00f3gicos, qu\\u00edmicos, f\\u00edsicos e mec\\u00e2nicos durante procedimentos odontol\\u00f3gicos, garantindo um ambiente seguro.<\\\/p>\"}},{\"@type\":\"Question\",\"name\":\"POP \\u2013 Tratamento Endod\\u00f4ntico\",\"acceptedAnswer\":{\"@type\":\"Answer\",\"text\":\"<p>Tratamento dent\\u00e1rio utilizando instrumentos manuais e\\\/ou rotat\\u00f3rios, aplicando materiais restauradores como resina ou ion\\u00f4mero de vidro, com a possibilidade de uso de pino rosque\\u00e1vel.<\\\/p><p><b>MATERIAIS UTILIZADOS:<\\\/b><\\\/p><p>1. Turbina<br \\\/>2. Micromotor<br \\\/>3. Jogo cl\\u00ednico e instrumental de dent\\u00edstica<br \\\/>4. Clorexidina a 0,12%<br \\\/>5. Porta-res\\u00edduo<br \\\/>6. Hipoclorito de S\\u00f3dio a 1% e 5%<br \\\/>7. Conjunto de limas endod\\u00f4nticas esterilizadas<br \\\/>8. Anest\\u00e9sico com e sem vasoconstritor<br \\\/>9. Cimentos endod\\u00f4nticos<br \\\/>10. Material para isolamento absoluto<br \\\/>11. Filmes radiogr\\u00e1ficos intrabucais<br \\\/>12. Cuba met\\u00e1lica, entre outros.<\\\/p>\"}},{\"@type\":\"Question\",\"name\":\"POP \\u2013 Tratamento de Canal\",\"acceptedAnswer\":{\"@type\":\"Answer\",\"text\":\"<p>O tratamento de canal, tamb\\u00e9m conhecido como endodontia, \\u00e9 realizado para tratar infec\\u00e7\\u00f5es ou inflama\\u00e7\\u00f5es na polpa de um dente, envolvendo a remo\\u00e7\\u00e3o da polpa, limpeza, modelagem e selamento do canal radicular.<\\\/p><p><b>OBJETIVO:<\\\/b><\\\/p><p>O objetivo \\u00e9 salvar o dente comprometido, permitindo que o paciente mantenha seu dente natural, evitando a extra\\u00e7\\u00e3o.<\\\/p>\"}},{\"@type\":\"Question\",\"name\":\"POP \\u2013 Plano de Contig\\u00eancia Para Medicamentos Termol\\u00e1beis\",\"acceptedAnswer\":{\"@type\":\"Answer\",\"text\":\"<div><div>O Plano de Conting\\u00eancia para Medicamentos Termol\\u00e1beis \\u00e9 um procedimento que visa garantir a integridade e a seguran\\u00e7a de produtos farmac\\u00eauticos sens\\u00edveis \\u00e0 temperatura em situa\\u00e7\\u00f5es de emerg\\u00eancia, como falhas de energia el\\u00e9trica ou problemas nos equipamentos de armazenamento. Este plano deve ser desenvolvido de acordo com as normas regulamentares, especialmente a RDC 430\\\/2020 &#8211; art. 80.<\\\/div><\\\/div>\"}}]}<\/script>\n\t\t\t\t\t<\/div>\n\t\t\t\t\t\t<\/div>\n\t\t\t\t<\/div>\n\t\t\t\t<section class=\"elementor-section elementor-inner-section elementor-element elementor-element-cd53ac4 elementor-section-content-middle elementor-section-boxed elementor-section-height-default elementor-section-height-default elementor-invisible\" data-id=\"cd53ac4\" data-element_type=\"section\" data-settings=\"{&quot;background_background&quot;:&quot;gradient&quot;,&quot;animation&quot;:&quot;fadeInUp&quot;,&quot;animation_delay&quot;:200}\">\n\t\t\t\t\t\t\t<div class=\"elementor-background-overlay\"><\/div>\n\t\t\t\t\t\t\t<div class=\"elementor-container elementor-column-gap-default\">\n\t\t\t\t\t<div class=\"elementor-column elementor-col-100 elementor-inner-column elementor-element elementor-element-ee70a44\" data-id=\"ee70a44\" data-element_type=\"column\">\n\t\t\t<div class=\"elementor-widget-wrap elementor-element-populated\">\n\t\t\t\t\t\t<div class=\"elementor-element elementor-element-95df3f6 elementor-widget elementor-widget-heading\" data-id=\"95df3f6\" data-element_type=\"widget\" data-widget_type=\"heading.default\">\n\t\t\t\t<div class=\"elementor-widget-container\">\n\t\t\t\t\t<h3 class=\"elementor-heading-title elementor-size-default\">Documentos Complementares<\/h3>\t\t\t\t<\/div>\n\t\t\t\t<\/div>\n\t\t\t\t<div class=\"elementor-element elementor-element-eb9c672 elementor-widget elementor-widget-text-editor\" data-id=\"eb9c672\" data-element_type=\"widget\" data-widget_type=\"text-editor.default\">\n\t\t\t\t<div class=\"elementor-widget-container\">\n\t\t\t\t\t\t\t\t\t<ul><li>ATESTADO DE SANIDADE PARA FINS DE INGRESSOS EM EMPRESAS<\/li><li>ATESTADO PARA ABONO DE FALTA AO TRABALHO<\/li><li>ATESTADO PARA ABONO DE FALTAS ESCOLARES<\/li><li>CONTRATO DE PRESTA\u00c7\u00c3O DE SERVI\u00c7OS &#8211; MODELO 1<\/li><li>CONTRATO DE PRESTA\u00c7\u00c3O DE SERVI\u00c7OS &#8211; MODELO 2<\/li><li>CONTROLE BIOL\u00d3GICO DE AUTOCLAVE<\/li><li>CONTROLE FRIGOBAR, AR CONDICIONADO E CAIXA D&#8217;\u00c1GUA<\/li><li>EXAME DE ODONTOGRAMA<\/li><li>FICHA CL\u00cdNICA<\/li><li>FICHA CONTROLE DE SESS\u00d5ES PROCEDIMENTO<\/li><li>FICHA DE ANAMNESE<\/li><li>FICHA PROGRAMA DE PREVEN\u00c7\u00c3O DE RISCOS AMBIENTAIS &#8211; PPRA<\/li><li>LISTA FREQUENCIA CLIENTES<\/li><li>MANUAL DE BOAS PR\u00c1TICAS<\/li><li>PGRSS &#8211; GERENCIAMENTO DOS RES\u00cdDUOS DO SERVI\u00c7OS DE SA\u00daDE<\/li><li>PLANILHA CONTROLE FINANCEIRO MENSAL<\/li><li>PLANILHA FLUXO DE CAIXA DIARIO FISIOTERAPIA<\/li><li>PLANO DE TRATAMENTO ODONTOGRAMA<\/li><li>PRONTU\u00c1RIO ODONTOL\u00d3GICO<\/li><li>RECEITUARIO<\/li><li>RECIBOS<\/li><li>REGISTRO CONTROLE DE VALIDADE INSUMOS<\/li><li>TERMO CIRURGIA ODONTOL\u00d3GICA<\/li><li>TERMO ENDODONTIA<\/li><li>TERMO EXTRA\u00c7\u00c3O DENT\u00c1RIA<\/li><li>TERMO PR\u00d3TESE DENTAL<\/li><\/ul>\t\t\t\t\t\t\t\t<\/div>\n\t\t\t\t<\/div>\n\t\t\t\t\t<\/div>\n\t\t<\/div>\n\t\t\t\t\t<\/div>\n\t\t<\/section>\n\t\t\t\t<section class=\"elementor-section elementor-inner-section elementor-element elementor-element-442a2e2 elementor-section-boxed elementor-section-height-default elementor-section-height-default\" data-id=\"442a2e2\" data-element_type=\"section\">\n\t\t\t\t\t\t<div class=\"elementor-container elementor-column-gap-default\">\n\t\t\t\t\t<div class=\"elementor-column elementor-col-100 elementor-inner-column elementor-element elementor-element-e67b0f4 elementor-invisible\" data-id=\"e67b0f4\" data-element_type=\"column\" data-settings=\"{&quot;background_background&quot;:&quot;classic&quot;,&quot;animation&quot;:&quot;fadeInUp&quot;,&quot;animation_delay&quot;:200}\">\n\t\t\t<div class=\"elementor-widget-wrap elementor-element-populated\">\n\t\t\t\t\t\t<div class=\"elementor-element elementor-element-c0766cc elementor-widget elementor-widget-image\" data-id=\"c0766cc\" data-element_type=\"widget\" data-widget_type=\"image.default\">\n\t\t\t\t<div class=\"elementor-widget-container\">\n\t\t\t\t\t\t\t\t\t\t\t\t\t\t\t<img decoding=\"async\" width=\"750\" height=\"422\" src=\"https:\/\/rtpd.com.br\/solucoes\/wp-content\/uploads\/2024\/09\/consultiro-1024x576.png\" class=\"attachment-large size-large wp-image-7165\" alt=\"Sistema de Emiss\u00e3o de POPs para Consult\u00f3rio Odontol\u00f3gico Anvisa\" srcset=\"https:\/\/rtpd.com.br\/solucoes\/wp-content\/uploads\/2024\/09\/consultiro-1024x576.png 1024w, https:\/\/rtpd.com.br\/solucoes\/wp-content\/uploads\/2024\/09\/consultiro-300x169.png 300w, https:\/\/rtpd.com.br\/solucoes\/wp-content\/uploads\/2024\/09\/consultiro-768x432.png 768w, https:\/\/rtpd.com.br\/solucoes\/wp-content\/uploads\/2024\/09\/consultiro.png 1280w\" sizes=\"(max-width: 750px) 100vw, 750px\" style=\"width:100%;height:56.25%;max-width:1280px\" \/>\t\t\t\t\t\t\t\t\t\t\t\t\t\t\t<\/div>\n\t\t\t\t<\/div>\n\t\t\t\t<div class=\"elementor-element elementor-element-3639f82 elementor-widget__width-inherit elementor-widget elementor-widget-text-editor\" data-id=\"3639f82\" data-element_type=\"widget\" data-widget_type=\"text-editor.default\">\n\t\t\t\t<div class=\"elementor-widget-container\">\n\t\t\t\t\t\t\t\t\t<p>Documentos\u00a0<b>POPs<\/b> obrigat\u00f3rios na pasta sanit\u00e1ria do <b>Consult\u00f3rio Odontol\u00f3gico\u00a0<\/b>com detalhamento das melhores pr\u00e1ticas no padr\u00e3o de qualidade\u00a0<span style=\"color: var( --e-global-color-secondary ); letter-spacing: -0.1px; background-color: var( --e-global-color-text );\">e<\/span><span style=\"color: var( --e-global-color-secondary ); letter-spacing: -0.1px; background-color: var( --e-global-color-text );\">xigido pela<\/span><span style=\"color: var( --e-global-color-secondary ); letter-spacing: -0.1px; background-color: var( --e-global-color-text );\">\u00a0<\/span><b style=\"color: var( --e-global-color-secondary ); letter-spacing: -0.1px; background-color: var( --e-global-color-text );\">Anvisa<\/b><span style=\"color: var( --e-global-color-secondary ); letter-spacing: -0.1px; background-color: var( --e-global-color-text );\">.<\/span><\/p>\t\t\t\t\t\t\t\t<\/div>\n\t\t\t\t<\/div>\n\t\t\t\t<div class=\"elementor-element elementor-element-4b34f77 elementor-icon-list--layout-traditional elementor-list-item-link-full_width elementor-widget elementor-widget-icon-list\" data-id=\"4b34f77\" data-element_type=\"widget\" data-widget_type=\"icon-list.default\">\n\t\t\t\t<div class=\"elementor-widget-container\">\n\t\t\t\t\t\t\t<ul class=\"elementor-icon-list-items\">\n\t\t\t\t\t\t\t<li class=\"elementor-icon-list-item\">\n\t\t\t\t\t\t\t\t\t\t\t<span class=\"elementor-icon-list-icon\">\n\t\t\t\t\t\t\t<i aria-hidden=\"true\" class=\"fas fa-check\"><\/i>\t\t\t\t\t\t<\/span>\n\t\t\t\t\t\t\t\t\t\t<span class=\"elementor-icon-list-text\">Acesso Vital\u00edcio ao Emissor<\/span>\n\t\t\t\t\t\t\t\t\t<\/li>\n\t\t\t\t\t\t\t\t<li class=\"elementor-icon-list-item\">\n\t\t\t\t\t\t\t\t\t\t\t<span class=\"elementor-icon-list-icon\">\n\t\t\t\t\t\t\t<i aria-hidden=\"true\" class=\"fas fa-check\"><\/i>\t\t\t\t\t\t<\/span>\n\t\t\t\t\t\t\t\t\t\t<span class=\"elementor-icon-list-text\">Acesso Imediato aos Documentos<\/span>\n\t\t\t\t\t\t\t\t\t<\/li>\n\t\t\t\t\t\t\t\t<li class=\"elementor-icon-list-item\">\n\t\t\t\t\t\t\t\t\t\t\t<span class=\"elementor-icon-list-icon\">\n\t\t\t\t\t\t\t<i aria-hidden=\"true\" class=\"fas fa-check\"><\/i>\t\t\t\t\t\t<\/span>\n\t\t\t\t\t\t\t\t\t\t<span class=\"elementor-icon-list-text\">Atualiza\u00e7\u00f5es Autom\u00e1ticas<\/span>\n\t\t\t\t\t\t\t\t\t<\/li>\n\t\t\t\t\t\t\t\t<li class=\"elementor-icon-list-item\">\n\t\t\t\t\t\t\t\t\t\t\t<span class=\"elementor-icon-list-icon\">\n\t\t\t\t\t\t\t<i aria-hidden=\"true\" class=\"fas fa-check\"><\/i>\t\t\t\t\t\t<\/span>\n\t\t\t\t\t\t\t\t\t\t<span class=\"elementor-icon-list-text\">Detalhamento das Boas Pr\u00e1ticas<\/span>\n\t\t\t\t\t\t\t\t\t<\/li>\n\t\t\t\t\t\t\t\t<li class=\"elementor-icon-list-item\">\n\t\t\t\t\t\t\t\t\t\t\t<span class=\"elementor-icon-list-icon\">\n\t\t\t\t\t\t\t<i aria-hidden=\"true\" class=\"fas fa-check\"><\/i>\t\t\t\t\t\t<\/span>\n\t\t\t\t\t\t\t\t\t\t<span class=\"elementor-icon-list-text\">Documentos Personalizados<\/span>\n\t\t\t\t\t\t\t\t\t<\/li>\n\t\t\t\t\t\t\t\t<li class=\"elementor-icon-list-item\">\n\t\t\t\t\t\t\t\t\t\t\t<span class=\"elementor-icon-list-icon\">\n\t\t\t\t\t\t\t<i aria-hidden=\"true\" class=\"fas fa-check\"><\/i>\t\t\t\t\t\t<\/span>\n\t\t\t\t\t\t\t\t\t\t<span class=\"elementor-icon-list-text\">Prontos para Utiliza\u00e7\u00e3o<\/span>\n\t\t\t\t\t\t\t\t\t<\/li>\n\t\t\t\t\t\t\t\t<li class=\"elementor-icon-list-item\">\n\t\t\t\t\t\t\t\t\t\t\t<span class=\"elementor-icon-list-icon\">\n\t\t\t\t\t\t\t<i aria-hidden=\"true\" class=\"fas fa-check\"><\/i>\t\t\t\t\t\t<\/span>\n\t\t\t\t\t\t\t\t\t\t<span class=\"elementor-icon-list-text\">Detalhamento de Procedimentos<\/span>\n\t\t\t\t\t\t\t\t\t<\/li>\n\t\t\t\t\t\t\t\t<li class=\"elementor-icon-list-item\">\n\t\t\t\t\t\t\t\t\t\t\t<span class=\"elementor-icon-list-icon\">\n\t\t\t\t\t\t\t<i aria-hidden=\"true\" class=\"fas fa-check\"><\/i>\t\t\t\t\t\t<\/span>\n\t\t\t\t\t\t\t\t\t\t<span class=\"elementor-icon-list-text\">Fichas Cl\u00ednicas e Manuais em Word<\/span>\n\t\t\t\t\t\t\t\t\t<\/li>\n\t\t\t\t\t\t\t\t<li class=\"elementor-icon-list-item\">\n\t\t\t\t\t\t\t\t\t\t\t<span class=\"elementor-icon-list-icon\">\n\t\t\t\t\t\t\t<i aria-hidden=\"true\" class=\"fas fa-check\"><\/i>\t\t\t\t\t\t<\/span>\n\t\t\t\t\t\t\t\t\t\t<span class=\"elementor-icon-list-text\">Fichas de Controles e Atestados em Word<\/span>\n\t\t\t\t\t\t\t\t\t<\/li>\n\t\t\t\t\t\t\t\t<li class=\"elementor-icon-list-item\">\n\t\t\t\t\t\t\t\t\t\t\t<span class=\"elementor-icon-list-icon\">\n\t\t\t\t\t\t\t<i aria-hidden=\"true\" class=\"fas fa-check\"><\/i>\t\t\t\t\t\t<\/span>\n\t\t\t\t\t\t\t\t\t\t<span class=\"elementor-icon-list-text\">Plan\u00edlhas de Controle de Fl\u00faxo Word<\/span>\n\t\t\t\t\t\t\t\t\t<\/li>\n\t\t\t\t\t\t\t\t<li class=\"elementor-icon-list-item\">\n\t\t\t\t\t\t\t\t\t\t\t<span class=\"elementor-icon-list-icon\">\n\t\t\t\t\t\t\t<i aria-hidden=\"true\" class=\"fas fa-check\"><\/i>\t\t\t\t\t\t<\/span>\n\t\t\t\t\t\t\t\t\t\t<span class=\"elementor-icon-list-text\">Receitu\u00e1rios, Recibos e Prontu\u00e1rios Word<\/span>\n\t\t\t\t\t\t\t\t\t<\/li>\n\t\t\t\t\t\t<\/ul>\n\t\t\t\t\t\t<\/div>\n\t\t\t\t<\/div>\n\t\t\t\t<div class=\"elementor-element elementor-element-2476ccb elementor-widget elementor-widget-price-table\" data-id=\"2476ccb\" data-element_type=\"widget\" data-widget_type=\"price-table.default\">\n\t\t\t\t<div class=\"elementor-widget-container\">\n\t\t\t\t\t\n\t\t<div class=\"elementor-price-table\">\n\t\t\t\n\t\t\t<div class=\"elementor-price-table__price\">\n\t\t\t\t\t\t\t\t<span class=\"elementor-price-table__currency\">R$<\/span>\t\t\t\t\t\t\t\t\t<span class=\"elementor-price-table__integer-part\">\n\t\t\t\t\t\t149,90\t\t\t\t\t<\/span>\n\t\t\t\t\n\t\t\t\t\n\t\t\t\t\n\t\t\t\t\t\t\t\t\t<span class=\"elementor-price-table__period elementor-typo-excluded\">Acesso Vital\u00edcio<\/span>\t\t\t\t\t\t\t<\/div>\n\n\t\t\t\t\t\t\t<ul class=\"elementor-price-table__features-list\">\n\t\t\t\t\t\t\t\t\t\t\t<li class=\"elementor-repeater-item-9d90a7b\">\n\t\t\t\t\t\t\t<div class=\"elementor-price-table__feature-inner\">\n\t\t\t\t\t\t\t\t\t\t\t\t\t\t\t\t&nbsp;\t\t\t\t\t\t\t<\/div>\n\t\t\t\t\t\t<\/li>\n\t\t\t\t\t\t\t\t\t<\/ul>\n\t\t\t\n\t\t\t\t\t<\/div>\n\n\t\t\t\t\t\t<\/div>\n\t\t\t\t<\/div>\n\t\t\t\t<div class=\"elementor-element elementor-element-7363a83 elementor-align-center elementor-widget elementor-widget-button\" data-id=\"7363a83\" data-element_type=\"widget\" data-widget_type=\"button.default\">\n\t\t\t\t<div class=\"elementor-widget-container\">\n\t\t\t\t\t\t\t\t\t<div class=\"elementor-button-wrapper\">\n\t\t\t\t\t<a class=\"elementor-button elementor-button-link elementor-size-xs\" href=\"https:\/\/rtpd.com.br\/vigilancia_sanitaria\/odontologia.php?ANVISA=BOTAO-PAG-POPS-ODONTO\">\n\t\t\t\t\t\t<span class=\"elementor-button-content-wrapper\">\n\t\t\t\t\t\t\t\t\t<span class=\"elementor-button-text\">Adquirir Acesso Vital\u00edcio<\/span>\n\t\t\t\t\t<\/span>\n\t\t\t\t\t<\/a>\n\t\t\t\t<\/div>\n\t\t\t\t\t\t\t\t<\/div>\n\t\t\t\t<\/div>\n\t\t\t\t\t<\/div>\n\t\t<\/div>\n\t\t\t\t\t<\/div>\n\t\t<\/section>\n\t\t\t\t<section class=\"elementor-section elementor-inner-section elementor-element elementor-element-e7c0ec2 elementor-section-content-middle elementor-section-boxed elementor-section-height-default elementor-section-height-default elementor-invisible\" data-id=\"e7c0ec2\" data-element_type=\"section\" data-settings=\"{&quot;background_background&quot;:&quot;gradient&quot;,&quot;animation&quot;:&quot;fadeInUp&quot;,&quot;animation_delay&quot;:200}\">\n\t\t\t\t\t\t\t<div class=\"elementor-background-overlay\"><\/div>\n\t\t\t\t\t\t\t<div class=\"elementor-container elementor-column-gap-default\">\n\t\t\t\t\t<div class=\"elementor-column elementor-col-50 elementor-inner-column elementor-element elementor-element-47409fe\" data-id=\"47409fe\" data-element_type=\"column\">\n\t\t\t<div class=\"elementor-widget-wrap elementor-element-populated\">\n\t\t\t\t\t\t<div class=\"elementor-element elementor-element-6ca3e79 elementor-widget elementor-widget-heading\" data-id=\"6ca3e79\" data-element_type=\"widget\" data-widget_type=\"heading.default\">\n\t\t\t\t<div class=\"elementor-widget-container\">\n\t\t\t\t\t<h3 class=\"elementor-heading-title elementor-size-default\">Benef\u00edcios dos Documentos<\/h3>\t\t\t\t<\/div>\n\t\t\t\t<\/div>\n\t\t\t\t<div class=\"elementor-element elementor-element-50767cf elementor-widget elementor-widget-text-editor\" data-id=\"50767cf\" data-element_type=\"widget\" data-widget_type=\"text-editor.default\">\n\t\t\t\t<div class=\"elementor-widget-container\">\n\t\t\t\t\t\t\t\t\t<ul>\n<li><span style=\"font-family: Manrope, sans-serif; white-space-collapse: preserve;\"><b>Orienta\u00e7\u00f5es claras:<\/b><br>Seu POP fornece diretrizes precisas que abrangem todos os requisitos regulat\u00f3rios, criando um padr\u00e3o para seu pessoal seguir.<br> <\/span><\/li>\n<li><span style=\"font-family: Manrope, sans-serif; white-space-collapse: preserve;\">&nbsp;<\/span><b>Treinamento simplificado:<\/b><br>Com um POP bem elaborado, a capacita\u00e7\u00e3o de novos funcion\u00e1rios se torna mais eficiente, pois eles t\u00eam um guia claro para suas responsabilidades.<br><br><\/li>\n<li>&nbsp;<b>Conformidade cont\u00ednua:<\/b> Atualiza\u00e7\u00f5es regulat\u00f3rias s\u00e3o incorporadas automaticamente ao POP, garantindo que sua opera\u00e7\u00e3o permane\u00e7a em conformidade.<br><br><\/li>\n<li><span style=\"font-family: Manrope, sans-serif; white-space-collapse: preserve;\">N\u00e3o corra o risco de multas ou problemas com a vigil\u00e2ncia sanit\u00e1ria. Certifique-se de que seus servi\u00e7os estejam em conformidade com as normas sanit\u00e1rias vigentes, ao mesmo tempo em que padroniza sua opera\u00e7\u00e3o para proporcionar seguran\u00e7a e qualidade aos seus clientes.<\/span><\/li>\n<\/ul>\t\t\t\t\t\t\t\t<\/div>\n\t\t\t\t<\/div>\n\t\t\t\t\t<\/div>\n\t\t<\/div>\n\t\t\t\t<div class=\"elementor-column elementor-col-50 elementor-inner-column elementor-element elementor-element-fc701b8\" data-id=\"fc701b8\" data-element_type=\"column\">\n\t\t\t<div class=\"elementor-widget-wrap elementor-element-populated\">\n\t\t\t\t\t\t<div class=\"elementor-element elementor-element-01066f5 elementor-align-right elementor-mobile-align-center elementor-widget elementor-widget-button\" data-id=\"01066f5\" data-element_type=\"widget\" data-widget_type=\"button.default\">\n\t\t\t\t<div class=\"elementor-widget-container\">\n\t\t\t\t\t\t\t\t\t<div class=\"elementor-button-wrapper\">\n\t\t\t\t\t<a class=\"elementor-button elementor-button-link elementor-size-md\" href=\"https:\/\/rtpd.com.br\/vigilancia_sanitaria\/odontologia.php?ANVISA=B3-POST-POPS-ODONTO\">\n\t\t\t\t\t\t<span class=\"elementor-button-content-wrapper\">\n\t\t\t\t\t\t\t\t\t<span class=\"elementor-button-text\">Emitir Agora<\/span>\n\t\t\t\t\t<\/span>\n\t\t\t\t\t<\/a>\n\t\t\t\t<\/div>\n\t\t\t\t\t\t\t\t<\/div>\n\t\t\t\t<\/div>\n\t\t\t\t\t<\/div>\n\t\t<\/div>\n\t\t\t\t\t<\/div>\n\t\t<\/section>\n\t\t\t\t<div class=\"elementor-element elementor-element-797a9f0 elementor-widget-divider--view-line elementor-widget elementor-widget-divider\" data-id=\"797a9f0\" data-element_type=\"widget\" data-widget_type=\"divider.default\">\n\t\t\t\t<div class=\"elementor-widget-container\">\n\t\t\t\t\t\t\t<div class=\"elementor-divider\">\n\t\t\t<span class=\"elementor-divider-separator\">\n\t\t\t\t\t\t<\/span>\n\t\t<\/div>\n\t\t\t\t\t\t<\/div>\n\t\t\t\t<\/div>\n\t\t\t\t<div class=\"elementor-element elementor-element-49f5486 elementor-widget elementor-widget-text-editor\" data-id=\"49f5486\" data-element_type=\"widget\" data-widget_type=\"text-editor.default\">\n\t\t\t\t<div class=\"elementor-widget-container\">\n\t\t\t\t\t\t\t\t\t<p>Para mais informa\u00e7\u00f5es sobre as regulamenta\u00e7\u00f5es da&nbsp;<b>Anvisa<\/b>&nbsp;e a import\u00e2ncia do POP, acesse os links abaixo:<\/p>\t\t\t\t\t\t\t\t<\/div>\n\t\t\t\t<\/div>\n\t\t\t\t<div class=\"elementor-element elementor-element-477978e elementor-icon-list--layout-traditional elementor-list-item-link-full_width elementor-widget elementor-widget-icon-list\" data-id=\"477978e\" data-element_type=\"widget\" data-widget_type=\"icon-list.default\">\n\t\t\t\t<div class=\"elementor-widget-container\">\n\t\t\t\t\t\t\t<ul class=\"elementor-icon-list-items\">\n\t\t\t\t\t\t\t<li class=\"elementor-icon-list-item\">\n\t\t\t\t\t\t\t\t\t\t\t<a href=\"https:\/\/www.gov.br\/anvisa\/pt-br\/centraisdeconteudo\/publicacoes\/servicosdesaude\/notas-tecnicas\/NT042020covid1908.09.2022paraoportal.pdf\" target=\"_blank\">\n\n\t\t\t\t\t\t\t\t\t\t\t\t<span class=\"elementor-icon-list-icon\">\n\t\t\t\t\t\t\t<i aria-hidden=\"true\" class=\"fas fa-link\"><\/i>\t\t\t\t\t\t<\/span>\n\t\t\t\t\t\t\t\t\t\t<span class=\"elementor-icon-list-text\">NOTA T\u00c9CNICA GVIMS\/GGTES\/ANVISA N\u00ba 04\/2020<\/span>\n\t\t\t\t\t\t\t\t\t\t\t<\/a>\n\t\t\t\t\t\t\t\t\t<\/li>\n\t\t\t\t\t\t\t\t<li class=\"elementor-icon-list-item\">\n\t\t\t\t\t\t\t\t\t\t\t<a href=\"https:\/\/antigo.anvisa.gov.br\/resultado-de-busca?p_p_id=101&#038;p_p_lifecycle=0&#038;p_p_state=maximized&#038;p_p_mode=view&#038;p_p_col_id=column-1&#038;p_p_col_count=1&#038;_101_struts_action=%2Fasset_publisher%2Fview_content&#038;_101_assetEntryId=271950&#038;_101_type=document\" target=\"_blank\">\n\n\t\t\t\t\t\t\t\t\t\t\t\t<span class=\"elementor-icon-list-icon\">\n\t\t\t\t\t\t\t<i aria-hidden=\"true\" class=\"fas fa-link\"><\/i>\t\t\t\t\t\t<\/span>\n\t\t\t\t\t\t\t\t\t\t<span class=\"elementor-icon-list-text\">Manual - Servi\u00e7os Odontol\u00f3gicos Preven\u00e7\u00e3o e Controle de Riscos<\/span>\n\t\t\t\t\t\t\t\t\t\t\t<\/a>\n\t\t\t\t\t\t\t\t\t<\/li>\n\t\t\t\t\t\t\t\t<li class=\"elementor-icon-list-item\">\n\t\t\t\t\t\t\t\t\t\t\t<a href=\"https:\/\/eapgoias.com.br\/normas-da-vigilancia-sanitaria-para-consultorio-odontologico\/\" target=\"_blank\">\n\n\t\t\t\t\t\t\t\t\t\t\t\t<span class=\"elementor-icon-list-icon\">\n\t\t\t\t\t\t\t<i aria-hidden=\"true\" class=\"fas fa-link\"><\/i>\t\t\t\t\t\t<\/span>\n\t\t\t\t\t\t\t\t\t\t<span class=\"elementor-icon-list-text\">Normas Da Vigil\u00e2ncia Sanit\u00e1ria Para Consult\u00f3rios Odontol\u00f3gicos<\/span>\n\t\t\t\t\t\t\t\t\t\t\t<\/a>\n\t\t\t\t\t\t\t\t\t<\/li>\n\t\t\t\t\t\t\t\t<li class=\"elementor-icon-list-item\">\n\t\t\t\t\t\t\t\t\t\t\t<a href=\"https:\/\/www.cro-df.org.br\/pdf\/instrucao32015.pdf\" target=\"_blank\">\n\n\t\t\t\t\t\t\t\t\t\t\t\t<span class=\"elementor-icon-list-icon\">\n\t\t\t\t\t\t\t<i aria-hidden=\"true\" class=\"fas fa-link\"><\/i>\t\t\t\t\t\t<\/span>\n\t\t\t\t\t\t\t\t\t\t<span class=\"elementor-icon-list-text\">INSTRU\u00c7\u00c3O NORMATIVA N\u00ba 03, DE 15 DE DEZEMBRO DE 2014 <\/span>\n\t\t\t\t\t\t\t\t\t\t\t<\/a>\n\t\t\t\t\t\t\t\t\t<\/li>\n\t\t\t\t\t\t\t\t<li class=\"elementor-icon-list-item\">\n\t\t\t\t\t\t\t\t\t\t\t<a href=\"https:\/\/www.gov.br\/anvisa\/pt-br\" target=\"_blank\">\n\n\t\t\t\t\t\t\t\t\t\t\t\t<span class=\"elementor-icon-list-icon\">\n\t\t\t\t\t\t\t<i aria-hidden=\"true\" class=\"fas fa-link\"><\/i>\t\t\t\t\t\t<\/span>\n\t\t\t\t\t\t\t\t\t\t<span class=\"elementor-icon-list-text\">Portal Anvisa<\/span>\n\t\t\t\t\t\t\t\t\t\t\t<\/a>\n\t\t\t\t\t\t\t\t\t<\/li>\n\t\t\t\t\t\t<\/ul>\n\t\t\t\t\t\t<\/div>\n\t\t\t\t<\/div>\n\t\t\t\t<div class=\"elementor-element elementor-element-eab25dc elementor-widget elementor-widget-text-editor\" data-id=\"eab25dc\" data-element_type=\"widget\" data-widget_type=\"text-editor.default\">\n\t\t\t\t<div class=\"elementor-widget-container\">\n\t\t\t\t\t\t\t\t\t<section class=\"explanation py-5 bg-light\"><div class=\"container\"><div class=\"row\"><div class=\"col-md-6 text-left\"><p>Em caso de d\u00favidas ou assist\u00eancia, voc\u00ea pode entrar em contato diretamente com a Anvisa pelo e-mail:\u00a0<b><a href=\"mailto:contato@anvisa.gov.br\">contato@anvisa.gov.br<\/a><\/b>\u00a0ou pelo telefone\u00a0<b>0800 642 9782<\/b><\/p><\/div><\/div><\/div><\/section>\t\t\t\t\t\t\t\t<\/div>\n\t\t\t\t<\/div>\n\t\t\t\t<div class=\"elementor-element elementor-element-7c899ba elementor-widget elementor-widget-text-editor\" data-id=\"7c899ba\" data-element_type=\"widget\" data-widget_type=\"text-editor.default\">\n\t\t\t\t<div class=\"elementor-widget-container\">\n\t\t\t\t\t\t\t\t\t<section class=\"explanation py-5 bg-light\"><div class=\"container\"><div class=\"row\"><div class=\"col-md-6 text-left\"><p><span style=\"color: var( --e-global-color-secondary ); font-style: var( --e-global-typography-b2ce6af-font-style ); letter-spacing: var( --e-global-typography-b2ce6af-letter-spacing ); text-transform: var( --e-global-typography-b2ce6af-text-transform ); word-spacing: var( --e-global-typography-b2ce6af-word-spacing );\">Ap\u00f3s o pagamento, o POP ser\u00e1 emitido em formato IMPRESS\u00c3O E PDF configurado para compartilhamento e impress\u00e3o de acordo com as normas da Vigil\u00e2ncia Sanit\u00e1ria. Aqui no nosso portal, a sua empresa poder\u00e1 atualizar e emitir novos POPs sempre que necess\u00e1rio, mantendo-se em conformidade com as regulamenta\u00e7\u00f5es em constante evolu\u00e7\u00e3o.<\/span><\/p><\/div><\/div><\/div><\/section>\t\t\t\t\t\t\t\t<\/div>\n\t\t\t\t<\/div>\n\t\t\t\t\t<\/div>\n\t\t<\/div>\n\t\t\t\t\t<\/div>\n\t\t<\/section>\n\t\t\t\t<section class=\"elementor-section elementor-top-section elementor-element elementor-element-4717bd6 elementor-section-content-middle elementor-reverse-mobile elementor-section-stretched elementor-section-boxed elementor-section-height-default elementor-section-height-default\" data-id=\"4717bd6\" data-element_type=\"section\" data-settings=\"{&quot;background_background&quot;:&quot;gradient&quot;,&quot;stretch_section&quot;:&quot;section-stretched&quot;}\">\n\t\t\t\t\t\t\t<div class=\"elementor-background-overlay\"><\/div>\n\t\t\t\t\t\t\t<div class=\"elementor-container elementor-column-gap-default\">\n\t\t\t\t\t<div class=\"elementor-column elementor-col-50 elementor-top-column elementor-element elementor-element-bb8a9c1 elementor-invisible\" data-id=\"bb8a9c1\" data-element_type=\"column\" data-settings=\"{&quot;animation&quot;:&quot;fadeInLeft&quot;}\">\n\t\t\t<div class=\"elementor-widget-wrap elementor-element-populated\">\n\t\t\t\t\t\t<div class=\"elementor-element elementor-element-93cd4cd elementor-invisible elementor-widget elementor-widget-heading\" data-id=\"93cd4cd\" data-element_type=\"widget\" data-settings=\"{&quot;_animation&quot;:&quot;fadeInUp&quot;,&quot;_animation_delay&quot;:200}\" data-widget_type=\"heading.default\">\n\t\t\t\t<div class=\"elementor-widget-container\">\n\t\t\t\t\t<h1 class=\"elementor-heading-title elementor-size-default\">Seu Consult\u00f3rio com Aplicativo Pr\u00f3prio e Personalizado<\/h1>\t\t\t\t<\/div>\n\t\t\t\t<\/div>\n\t\t\t\t<div class=\"elementor-element elementor-element-fab6bba elementor-invisible elementor-widget elementor-widget-heading\" data-id=\"fab6bba\" data-element_type=\"widget\" data-settings=\"{&quot;_animation&quot;:&quot;fadeInUp&quot;,&quot;_animation_delay&quot;:400}\" data-widget_type=\"heading.default\">\n\t\t\t\t<div class=\"elementor-widget-container\">\n\t\t\t\t\t<div class=\"elementor-heading-title elementor-size-default\">Lan\u00e7amento   Exclusivo  <b>Android &amp; iOS<\/b><\/div>\t\t\t\t<\/div>\n\t\t\t\t<\/div>\n\t\t\t\t<div class=\"elementor-element elementor-element-78c5462 elementor-align-left elementor-mobile-align-center elementor-widget elementor-widget-button\" data-id=\"78c5462\" data-element_type=\"widget\" data-widget_type=\"button.default\">\n\t\t\t\t<div class=\"elementor-widget-container\">\n\t\t\t\t\t\t\t\t\t<div class=\"elementor-button-wrapper\">\n\t\t\t\t\t<a class=\"elementor-button elementor-button-link elementor-size-md\" href=\"https:\/\/rtpd.com.br\/solucoes\/index.php\/seu-app-proprio-de-agendamentos\/\">\n\t\t\t\t\t\t<span class=\"elementor-button-content-wrapper\">\n\t\t\t\t\t\t<span class=\"elementor-button-icon\">\n\t\t\t\t<i aria-hidden=\"true\" class=\"fas fa-hand-point-right\"><\/i>\t\t\t<\/span>\n\t\t\t\t\t\t\t\t\t<span class=\"elementor-button-text\">Saiba Mais<\/span>\n\t\t\t\t\t<\/span>\n\t\t\t\t\t<\/a>\n\t\t\t\t<\/div>\n\t\t\t\t\t\t\t\t<\/div>\n\t\t\t\t<\/div>\n\t\t\t\t\t<\/div>\n\t\t<\/div>\n\t\t\t\t<div class=\"elementor-column elementor-col-50 elementor-top-column elementor-element elementor-element-c5cf468\" data-id=\"c5cf468\" data-element_type=\"column\">\n\t\t\t<div class=\"elementor-widget-wrap elementor-element-populated\">\n\t\t\t\t\t\t<div class=\"elementor-element elementor-element-2868cf2 elementor-widget elementor-widget-image-carousel\" data-id=\"2868cf2\" data-element_type=\"widget\" data-settings=\"{&quot;slides_to_show&quot;:&quot;1&quot;,&quot;navigation&quot;:&quot;none&quot;,&quot;autoplay_speed&quot;:4000,&quot;speed&quot;:1200,&quot;autoplay&quot;:&quot;yes&quot;,&quot;pause_on_hover&quot;:&quot;yes&quot;,&quot;pause_on_interaction&quot;:&quot;yes&quot;,&quot;infinite&quot;:&quot;yes&quot;,&quot;effect&quot;:&quot;slide&quot;}\" data-widget_type=\"image-carousel.default\">\n\t\t\t\t<div class=\"elementor-widget-container\">\n\t\t\t\t\t\t\t<div class=\"elementor-image-carousel-wrapper swiper\" role=\"region\" aria-roledescription=\"carousel\" aria-label=\"Carrossel de imagens\" dir=\"ltr\">\n\t\t\t<div class=\"elementor-image-carousel swiper-wrapper swiper-image-stretch\" aria-live=\"off\">\n\t\t\t\t\t\t\t\t<div class=\"swiper-slide\" role=\"group\" aria-roledescription=\"slide\" aria-label=\"1 de 2\"><figure class=\"swiper-slide-inner\"><img decoding=\"async\" class=\"swiper-slide-image\" src=\"https:\/\/rtpd.com.br\/solucoes\/wp-content\/uploads\/2025\/07\/Design-sem-nome-28.png\" alt=\"App Pr\u00f3prio e Personalizado Android + Integra\u00e7\u00e3o com WhatsApp da Cl\u00ednica + Notifica\u00e7\u00f5es Ilimitadas + Gerenciamento Automatizado de Agendamentos e P\u00f3s Tratamento\" \/><\/figure><\/div><div class=\"swiper-slide\" role=\"group\" aria-roledescription=\"slide\" aria-label=\"2 de 2\"><figure class=\"swiper-slide-inner\"><img decoding=\"async\" class=\"swiper-slide-image\" src=\"https:\/\/rtpd.com.br\/solucoes\/wp-content\/uploads\/2025\/07\/Design-sem-nome-31.png\" alt=\"Com o aplicativo para cl\u00ednica de est\u00e9tica, voc\u00ea envia notifica\u00e7\u00f5es com mensagens importantes diretamente para os celulares dos pacientes.\" \/><\/figure><\/div>\t\t\t<\/div>\n\t\t\t\t\t\t\t\n\t\t\t\t\t\t\t\t\t<\/div>\n\t\t\t\t\t\t<\/div>\n\t\t\t\t<\/div>\n\t\t\t\t\t<\/div>\n\t\t<\/div>\n\t\t\t\t\t<\/div>\n\t\t<\/section>\n\t\t\t\t<section class=\"elementor-section elementor-top-section elementor-element elementor-element-7509db6d elementor-section-boxed elementor-section-height-default elementor-section-height-default\" data-id=\"7509db6d\" data-element_type=\"section\">\n\t\t\t\t\t\t<div class=\"elementor-container elementor-column-gap-default\">\n\t\t\t\t\t<div class=\"elementor-column elementor-col-100 elementor-top-column elementor-element elementor-element-db6b143\" data-id=\"db6b143\" data-element_type=\"column\">\n\t\t\t<div class=\"elementor-widget-wrap elementor-element-populated\">\n\t\t\t\t\t\t<div class=\"elementor-element elementor-element-64cff9c4 elementor-widget elementor-widget-heading\" data-id=\"64cff9c4\" data-element_type=\"widget\" data-widget_type=\"heading.default\">\n\t\t\t\t<div class=\"elementor-widget-container\">\n\t\t\t\t\t<h2 class=\"elementor-heading-title elementor-size-default\">Artigos Relacionados<\/h2>\t\t\t\t<\/div>\n\t\t\t\t<\/div>\n\t\t\t\t<div class=\"elementor-element elementor-element-3dd5e247 elementor-widget elementor-widget-shortcode\" data-id=\"3dd5e247\" data-element_type=\"widget\" data-widget_type=\"shortcode.default\">\n\t\t\t\t<div class=\"elementor-widget-container\">\n\t\t\t\t\t\t\t<div class=\"elementor-shortcode\"><ul class=\"lcp_catlist\" id=\"lcp_instance_0\"><li><a href=\"https:\/\/rtpd.com.br\/solucoes\/index.php\/2025\/10\/13\/anvisa-nota-tecnica-10-2025-pops-biosseguranca-odontologia\/\">ANVISA publica Nota T\u00e9cnica n\u00ba 10\/2025 com novas exig\u00eancias de POPs e biosseguran\u00e7a em consult\u00f3rios<\/a><\/li><li><a href=\"https:\/\/rtpd.com.br\/solucoes\/index.php\/2025\/07\/26\/atendimento-automatizado-clinicas-consultorios-aplicativo-proprio\/\">Atendimento Automatizado para Cl\u00ednicas e Consult\u00f3rios com Aplicativo Pr\u00f3prio<\/a><\/li><li><a href=\"https:\/\/rtpd.com.br\/solucoes\/index.php\/2025\/05\/22\/aplicativo-para-fidelizar-clientes\/\">Aplicativo Para Fidelizar Clientes: Como Ele Pode Transformar Seu Neg\u00f3cio<\/a><\/li><li><a href=\"https:\/\/rtpd.com.br\/solucoes\/index.php\/2025\/05\/12\/operacao-estetica-com-seguranca-anvisa-interdita-clinicas\/\">Opera\u00e7\u00e3o &#8220;Est\u00e9tica com Seguran\u00e7a&#8221;: Saiba por que 6 cl\u00ednicas foram interditadas e como garantir conformidade<\/a><\/li><li><a href=\"https:\/\/rtpd.com.br\/solucoes\/index.php\/2025\/05\/07\/por-que-o-aplicativo-da-clinica-de-estetica-e-essencial-para-o-crescimento\/\">Por Que o Aplicativo da Cl\u00ednica de Est\u00e9tica \u00e9 Essencial para o Crescimento do Seu Neg\u00f3cio?<\/a><\/li><li><a href=\"https:\/\/rtpd.com.br\/solucoes\/index.php\/2025\/05\/06\/aplicativo-para-clinica-de-estetica-aumentar-movimento-lucratividade\/\">Aplicativo para Cl\u00ednica de Est\u00e9tica: Como Aumentar o Movimento e a Lucratividade<\/a><\/li><li><a href=\"https:\/\/rtpd.com.br\/solucoes\/index.php\/2025\/04\/28\/aplicativo-proprio-para-clinica-de-estetica-triplica-lucratividade\/\">Descubra Como um Aplicativo Pr\u00f3prio Pode Triplicar a Lucratividade da Sua Cl\u00ednica de Est\u00e9tica!<\/a><\/li><li><a href=\"https:\/\/rtpd.com.br\/solucoes\/index.php\/2025\/04\/27\/beneficios-aplicativo-proprio-clinicas-estetica\/\">Benef\u00edcios que Somente Cl\u00ednicas com Aplicativo Pr\u00f3prio T\u00eam<\/a><\/li><li><a href=\"https:\/\/rtpd.com.br\/solucoes\/index.php\/2025\/04\/15\/lancamento-aplicativo-personalizado-para-clinica-de-estetica\/\">Lan\u00e7amento do Apl\u00edcativo Personalizado para Cl\u00ednica de Est\u00e9tica<\/a><\/li><li><a href=\"https:\/\/rtpd.com.br\/solucoes\/index.php\/2025\/03\/27\/seu-consultorio-esta-preparado-para-as-novas-exigencias-da-anvisa\/\">Seu consult\u00f3rio est\u00e1 preparado para as novas exig\u00eancias da ANVISA?<\/a><\/li><li><a href=\"https:\/\/rtpd.com.br\/solucoes\/index.php\/2025\/03\/13\/tudo-sobre-procedimentos-operacionais-padrao-pops-em-clinicas-de-estetica\/\">Tudo Sobre Procedimentos Operacionais Padr\u00e3o (POPs) em Cl\u00ednicas de Est\u00e9tica<\/a><\/li><li><a href=\"https:\/\/rtpd.com.br\/solucoes\/index.php\/2025\/03\/13\/normas-anvisa-consultorios-odontologicos-guia-completo\/\">Normas da ANVISA para Consult\u00f3rios Odontol\u00f3gicos: Guia Completo<\/a><\/li><li><a href=\"https:\/\/rtpd.com.br\/solucoes\/index.php\/2025\/02\/14\/anvisa-realiza-operacoes-fiscalizacao-clinicas-estetica\/\">Anvisa realiza opera\u00e7\u00f5es de fiscaliza\u00e7\u00e3o em Cl\u00ednicas de Est\u00e9tica<\/a><\/li><li class=\"current\"><a href=\"https:\/\/rtpd.com.br\/solucoes\/index.php\/2024\/12\/27\/anvisa-consulta-publica-requisitos-sanitarios-servicos-odontologicos\/\">Anvisa abre consulta p\u00fablica sobre requisitos sanit\u00e1rios para servi\u00e7os odontol\u00f3gicos<\/a><\/li><li><a href=\"https:\/\/rtpd.com.br\/solucoes\/index.php\/2024\/09\/30\/lista-pops-bares-restaurantes-padarias-confeitarias-lanchonetes-fast-foods\/\">Lista de POPs para Bares, Restaurantes, Padarias, Confeitarias, Lanchonetes e Fast Foods<\/a><\/li><li><a href=\"https:\/\/rtpd.com.br\/solucoes\/index.php\/2024\/09\/30\/emissao-pops-lanchonetes-fast-foods-anvisa\/\">Emiss\u00e3o de POPs para Lanchonetes e Fast Foods Anvisa\u200b<\/a><\/li><li><a href=\"https:\/\/rtpd.com.br\/solucoes\/index.php\/2024\/09\/30\/sistema-emissao-pops-padarias-confeitarias-anvisa\/\">Sistema de Emiss\u00e3o de POPs para Padarias e Confeitarias Anvisa<\/a><\/li><li><a href=\"https:\/\/rtpd.com.br\/solucoes\/index.php\/2024\/09\/29\/sistema-emissao-pops-bares-restaurantes-anvisa\/\">Sistema de Emiss\u00e3o POPs para Bares e Restaurantes Anvisa<\/a><\/li><li><a href=\"https:\/\/rtpd.com.br\/solucoes\/index.php\/2024\/09\/18\/emissao-pops-odontologia-anvisa\/\">Sistema de Emiss\u00e3o de POPs para Odontologia Anvisa<\/a><\/li><li><a href=\"https:\/\/rtpd.com.br\/solucoes\/index.php\/2024\/03\/09\/as-fiscalizacoes-em-clinicas-saloes-e-barbearias-vao-aumenta\/\">As Fiscaliza\u00e7\u00f5es em Cl\u00ednicas, Sal\u00f5es e Barbearias V\u00e3o Aumenta?<\/a><\/li><li><a href=\"https:\/\/rtpd.com.br\/solucoes\/index.php\/2024\/03\/07\/novo-sistema-de-emissao-de-pop-para-barbearia-no-padrao-anvisa\/\">Novo Sistema de Emiss\u00e3o de POP para Barbearia no Padr\u00e3o Anvisa<\/a><\/li><li><a href=\"https:\/\/rtpd.com.br\/solucoes\/index.php\/2024\/03\/07\/novo-sistema-de-emissao-de-pop-para-salao-de-beleza-no-padrao-anvisa\/\">Novo Sistema de Emiss\u00e3o de POP para Sal\u00e3o de Beleza no Padr\u00e3o Anvisa<\/a><\/li><li><a href=\"https:\/\/rtpd.com.br\/solucoes\/index.php\/2024\/03\/07\/clinica-de-estetica-novo-sistema-de-emissao-de-pop-no-padrao-anvisa\/\">Novo Sistema de Emiss\u00e3o de POP para Cl\u00ednica de Est\u00e9tica no Padr\u00e3o Anvisa<\/a><\/li><li><a href=\"https:\/\/rtpd.com.br\/solucoes\/index.php\/2024\/03\/04\/normas-da-anvisa-para-saloes-de-beleza-clinicas-e-barbearias\/\">Normas da Anvisa para Sal\u00f5es de Beleza,  Cl\u00ednicas e Barbearias<\/a><\/li><li><a href=\"https:\/\/rtpd.com.br\/solucoes\/index.php\/2024\/03\/04\/manual-de-procedimentos-de-rotina-para-salao-de-beleza\/\">Manual de Procedimentos de Rotina para Sal\u00e3o de Beleza Anvisa<\/a><\/li><li><a href=\"https:\/\/rtpd.com.br\/solucoes\/index.php\/2024\/02\/29\/confira-a-lista-de-pops-necessarios-para-clinica-de-estetica\/\">Confira a Lista de POPs Necess\u00e1rios para Cl\u00ednica de Est\u00e9tica<\/a><\/li><li><a href=\"https:\/\/rtpd.com.br\/solucoes\/index.php\/2024\/02\/28\/como-emitir-os-documentos-pops-para-clinica-de-estetica\/\">Como Emitir os POPs para Cl\u00ednica de Est\u00e9tica no Padr\u00e3o Anvisa?\u200b<\/a><\/li><li><a href=\"https:\/\/rtpd.com.br\/solucoes\/index.php\/2024\/02\/28\/como-emitir-os-documentos-pops-para-salao-de-beleza\/\">Como Emitir os POPs para Sal\u00e3o de Beleza no Padr\u00e3o Anvisa?\u200b<\/a><\/li><li><a href=\"https:\/\/rtpd.com.br\/solucoes\/index.php\/2024\/02\/27\/alerta-nt-anvisa-2024-para-servic-estetica-e-embelezamento\/\">Alerta NT Anvisa 2024: Servi\u00e7os de Est\u00e9tica e Embelezamento<\/a><\/li><li><a href=\"https:\/\/rtpd.com.br\/solucoes\/index.php\/2024\/02\/27\/lista-de-pop-para-barbearia\/\">Lista de POPs para Barbearia no Padr\u00e3o de Qualidade Anvisa<\/a><\/li><li><a href=\"https:\/\/rtpd.com.br\/solucoes\/index.php\/2024\/02\/25\/como-obter-os-documentos-pops-para-minha-barbearia\/\">Como Obter os Documentos POPs para Minha Barbearia?<\/a><\/li><\/ul><\/div>\n\t\t\t\t\t\t<\/div>\n\t\t\t\t<\/div>\n\t\t\t\t\t<\/div>\n\t\t<\/div>\n\t\t\t\t\t<\/div>\n\t\t<\/section>\n\t\t\t\t<\/div>\n\t\t","protected":false},"excerpt":{"rendered":"<p>Anvisa abre consulta p\u00fablica sobre requisitos sanit\u00e1rios para servi\u00e7os odontol\u00f3gicos Consulta P\u00fablica 1.301\/2024 Publicado em\u00a024\/12\/2024 12h29\u00a0Atualizado em\u00a026\/12\/2024 12h09 Anvisa abriu, nesta ter\u00e7a-feira (24\/12), uma consulta p\u00fablica sobre requisitos sanit\u00e1rios federais para as boas pr\u00e1ticas de funcionamento dos servi\u00e7os que prestam assist\u00eancia odontol\u00f3gica. \u00a0 Proposta est\u00e1 dispon\u00edvel para avalia\u00e7\u00e3o e contribui\u00e7\u00f5es at\u00e9 o dia 24 de&hellip; <a class=\"more-link\" href=\"https:\/\/rtpd.com.br\/solucoes\/index.php\/2024\/12\/27\/anvisa-consulta-publica-requisitos-sanitarios-servicos-odontologicos\/\">Continuar lendo <span class=\"screen-reader-text\">Anvisa abre consulta p\u00fablica sobre requisitos sanit\u00e1rios para servi\u00e7os odontol\u00f3gicos<\/span><\/a><\/p>\n","protected":false},"author":1,"featured_media":7090,"comment_status":"open","ping_status":"open","sticky":false,"template":"elementor_header_footer","format":"standard","meta":{"footnotes":""},"categories":[120,1],"tags":[],"class_list":["post-7688","post","type-post","status-publish","format-standard","has-post-thumbnail","hentry","category-pop-para-estetica-e-mbelezamento","category-tecnologia-clound-computing-lagoa-da-prata-mg","entry"],"yoast_head":"<!-- This site is optimized with the Yoast SEO Premium plugin v22.0 (Yoast SEO v21.7) - https:\/\/yoast.com\/wordpress\/plugins\/seo\/ -->\n<title>Anvisa abre consulta p\u00fablica sobre requisitos sanit\u00e1rios para servi\u00e7os odontol\u00f3gicos - RT Plataformas Digitais<\/title>\n<meta name=\"robots\" content=\"index, follow, max-snippet:-1, max-image-preview:large, max-video-preview:-1\" \/>\n<link rel=\"canonical\" href=\"https:\/\/rtpd.com.br\/solucoes\/index.php\/2024\/12\/27\/anvisa-consulta-publica-requisitos-sanitarios-servicos-odontologicos\/\" \/>\n<meta property=\"og:locale\" content=\"pt_BR\" \/>\n<meta property=\"og:type\" content=\"article\" \/>\n<meta property=\"og:title\" content=\"Anvisa abre consulta p\u00fablica sobre requisitos sanit\u00e1rios para servi\u00e7os odontol\u00f3gicos\" \/>\n<meta property=\"og:description\" content=\"Anvisa abre consulta p\u00fablica sobre requisitos sanit\u00e1rios para servi\u00e7os odontol\u00f3gicos Consulta P\u00fablica 1.301\/2024 Publicado em\u00a024\/12\/2024 12h29\u00a0Atualizado em\u00a026\/12\/2024 12h09 Anvisa abriu, nesta ter\u00e7a-feira (24\/12), uma consulta p\u00fablica sobre requisitos sanit\u00e1rios federais para as boas pr\u00e1ticas de funcionamento dos servi\u00e7os que prestam assist\u00eancia odontol\u00f3gica. \u00a0 Proposta est\u00e1 dispon\u00edvel para avalia\u00e7\u00e3o e contribui\u00e7\u00f5es at\u00e9 o dia 24 de&hellip; Continuar lendo Anvisa abre consulta p\u00fablica sobre requisitos sanit\u00e1rios para servi\u00e7os odontol\u00f3gicos\" \/>\n<meta property=\"og:url\" content=\"https:\/\/rtpd.com.br\/solucoes\/index.php\/2024\/12\/27\/anvisa-consulta-publica-requisitos-sanitarios-servicos-odontologicos\/\" \/>\n<meta property=\"og:site_name\" content=\"RT Plataformas Digitais\" \/>\n<meta property=\"article:publisher\" content=\"https:\/\/www.facebook.com\/rtplataformas\/\" \/>\n<meta property=\"article:published_time\" content=\"2024-12-27T10:31:04+00:00\" \/>\n<meta property=\"article:modified_time\" content=\"2025-08-06T10:26:26+00:00\" \/>\n<meta property=\"og:image\" content=\"https:\/\/rtpd.com.br\/solucoes\/wp-content\/uploads\/2024\/09\/POP-Anvvisa.png\" \/>\n\t<meta property=\"og:image:width\" content=\"940\" \/>\n\t<meta property=\"og:image:height\" content=\"788\" \/>\n\t<meta property=\"og:image:type\" content=\"image\/png\" \/>\n<meta name=\"author\" content=\"RT Plataformas Digitais\" \/>\n<meta name=\"twitter:card\" content=\"summary_large_image\" \/>\n<meta name=\"twitter:creator\" content=\"@digitaisrt\" \/>\n<meta name=\"twitter:site\" content=\"@digitaisrt\" \/>\n<meta name=\"twitter:label1\" content=\"Escrito por\" \/>\n\t<meta name=\"twitter:data1\" content=\"RT Plataformas Digitais\" \/>\n\t<meta name=\"twitter:label2\" content=\"Est. tempo de leitura\" \/>\n\t<meta name=\"twitter:data2\" content=\"25 minutos\" \/>\n<script type=\"application\/ld+json\" class=\"yoast-schema-graph\">{\"@context\":\"https:\/\/schema.org\",\"@graph\":[{\"@type\":\"Article\",\"@id\":\"https:\/\/rtpd.com.br\/solucoes\/index.php\/2024\/12\/27\/anvisa-consulta-publica-requisitos-sanitarios-servicos-odontologicos\/#article\",\"isPartOf\":{\"@id\":\"https:\/\/rtpd.com.br\/solucoes\/index.php\/2024\/12\/27\/anvisa-consulta-publica-requisitos-sanitarios-servicos-odontologicos\/\"},\"author\":{\"name\":\"RT Plataformas Digitais\",\"@id\":\"https:\/\/rtpd.com.br\/solucoes\/#\/schema\/person\/ba2860d43dee24278a91ecfc40a7eb69\"},\"headline\":\"Anvisa abre consulta p\u00fablica sobre requisitos sanit\u00e1rios para servi\u00e7os odontol\u00f3gicos\",\"datePublished\":\"2024-12-27T10:31:04+00:00\",\"dateModified\":\"2025-08-06T10:26:26+00:00\",\"mainEntityOfPage\":{\"@id\":\"https:\/\/rtpd.com.br\/solucoes\/index.php\/2024\/12\/27\/anvisa-consulta-publica-requisitos-sanitarios-servicos-odontologicos\/\"},\"wordCount\":4452,\"commentCount\":0,\"publisher\":{\"@id\":\"https:\/\/rtpd.com.br\/solucoes\/#organization\"},\"articleSection\":[\"POP Est\u00e9tica\",\"Tecnologia Cloud Computing Lagoa da Prata - MG\"],\"inLanguage\":\"pt-BR\",\"potentialAction\":[{\"@type\":\"CommentAction\",\"name\":\"Comment\",\"target\":[\"https:\/\/rtpd.com.br\/solucoes\/index.php\/2024\/12\/27\/anvisa-consulta-publica-requisitos-sanitarios-servicos-odontologicos\/#respond\"]}]},{\"@type\":\"WebPage\",\"@id\":\"https:\/\/rtpd.com.br\/solucoes\/index.php\/2024\/12\/27\/anvisa-consulta-publica-requisitos-sanitarios-servicos-odontologicos\/\",\"url\":\"https:\/\/rtpd.com.br\/solucoes\/index.php\/2024\/12\/27\/anvisa-consulta-publica-requisitos-sanitarios-servicos-odontologicos\/\",\"name\":\"Anvisa abre consulta p\u00fablica sobre requisitos sanit\u00e1rios para servi\u00e7os odontol\u00f3gicos - RT Plataformas Digitais\",\"isPartOf\":{\"@id\":\"https:\/\/rtpd.com.br\/solucoes\/#website\"},\"datePublished\":\"2024-12-27T10:31:04+00:00\",\"dateModified\":\"2025-08-06T10:26:26+00:00\",\"breadcrumb\":{\"@id\":\"https:\/\/rtpd.com.br\/solucoes\/index.php\/2024\/12\/27\/anvisa-consulta-publica-requisitos-sanitarios-servicos-odontologicos\/#breadcrumb\"},\"inLanguage\":\"pt-BR\",\"potentialAction\":[{\"@type\":\"ReadAction\",\"target\":[\"https:\/\/rtpd.com.br\/solucoes\/index.php\/2024\/12\/27\/anvisa-consulta-publica-requisitos-sanitarios-servicos-odontologicos\/\"]}]},{\"@type\":\"BreadcrumbList\",\"@id\":\"https:\/\/rtpd.com.br\/solucoes\/index.php\/2024\/12\/27\/anvisa-consulta-publica-requisitos-sanitarios-servicos-odontologicos\/#breadcrumb\",\"itemListElement\":[{\"@type\":\"ListItem\",\"position\":1,\"name\":\"In\u00edcio\",\"item\":\"https:\/\/rtpd.com.br\/solucoes\/\"},{\"@type\":\"ListItem\",\"position\":2,\"name\":\"Anvisa abre consulta p\u00fablica sobre requisitos sanit\u00e1rios para servi\u00e7os odontol\u00f3gicos\"}]},{\"@type\":\"WebSite\",\"@id\":\"https:\/\/rtpd.com.br\/solucoes\/#website\",\"url\":\"https:\/\/rtpd.com.br\/solucoes\/\",\"name\":\"RT Plataformas Digitais\",\"description\":\"Desenvolvimento de Aplica\u00e7\u00f5es Cloud, Android e iOS. Emiss\u00e3o de POP Est\u00e9tica, Barbearias e Espa\u00e7o de Beleza.\",\"publisher\":{\"@id\":\"https:\/\/rtpd.com.br\/solucoes\/#organization\"},\"alternateName\":\"RTPD\",\"potentialAction\":[{\"@type\":\"SearchAction\",\"target\":{\"@type\":\"EntryPoint\",\"urlTemplate\":\"https:\/\/rtpd.com.br\/solucoes\/?s={search_term_string}\"},\"query-input\":\"required name=search_term_string\"}],\"inLanguage\":\"pt-BR\"},{\"@type\":[\"Organization\",\"Place\"],\"@id\":\"https:\/\/rtpd.com.br\/solucoes\/#organization\",\"name\":\"RT Plataformas Digitais\",\"alternateName\":\"RTPD\",\"url\":\"https:\/\/rtpd.com.br\/solucoes\/\",\"logo\":{\"@type\":\"ImageObject\",\"inLanguage\":\"pt-BR\",\"@id\":\"https:\/\/rtpd.com.br\/solucoes\/#\/schema\/logo\/image\/\",\"url\":\"https:\/\/rtpd.com.br\/solucoes\/wp-content\/uploads\/2025\/07\/RT-Plataformas-Digitais.png\",\"contentUrl\":\"https:\/\/rtpd.com.br\/solucoes\/wp-content\/uploads\/2025\/07\/RT-Plataformas-Digitais.png\",\"width\":512,\"height\":512,\"caption\":\"RT Plataformas Digitais\"},\"image\":{\"@id\":\"https:\/\/rtpd.com.br\/solucoes\/#\/schema\/logo\/image\/\"},\"sameAs\":[\"https:\/\/www.facebook.com\/rtplataformas\/\",\"https:\/\/twitter.com\/digitaisrt\"],\"location\":{\"@id\":\"https:\/\/rtpd.com.br\/solucoes\/index.php\/2024\/12\/27\/anvisa-consulta-publica-requisitos-sanitarios-servicos-odontologicos\/#local-place\"},\"address\":{\"@id\":\"https:\/\/rtpd.com.br\/solucoes\/index.php\/2024\/12\/27\/anvisa-consulta-publica-requisitos-sanitarios-servicos-odontologicos\/#local-place-address\"},\"email\":\"comercial@rtpd.com.br\",\"telephone\":\"(37) 99842-5465\",\"areaServed\":\"Brasil\",\"vatID\":\"14.999.798\/0001-31\",\"taxID\":\"028.577.876-50\"},{\"@type\":\"Person\",\"@id\":\"https:\/\/rtpd.com.br\/solucoes\/#\/schema\/person\/ba2860d43dee24278a91ecfc40a7eb69\",\"name\":\"RT Plataformas Digitais\",\"sameAs\":[\"http:\/\/autocenter.app.br\/solucoes\"],\"url\":\"https:\/\/rtpd.com.br\/solucoes\/index.php\/author\/site_rtpd\/\"},{\"@type\":\"Place\",\"@id\":\"https:\/\/rtpd.com.br\/solucoes\/index.php\/2024\/12\/27\/anvisa-consulta-publica-requisitos-sanitarios-servicos-odontologicos\/#local-place\",\"address\":{\"@type\":\"PostalAddress\",\"@id\":\"https:\/\/rtpd.com.br\/solucoes\/index.php\/2024\/12\/27\/anvisa-consulta-publica-requisitos-sanitarios-servicos-odontologicos\/#local-place-address\",\"streetAddress\":\"Rua Marcio Francisco Rabelo, 127 Maria Fernanda II\",\"addressLocality\":\"Lagoa da Prata\",\"postalCode\":\"35592-168\",\"addressRegion\":\"Minas Gerais\",\"addressCountry\":\"BR\"},\"geo\":{\"@type\":\"GeoCoordinates\",\"latitude\":\"-20.031445\",\"longitude\":\"-45.5202471\"},\"openingHoursSpecification\":[],\"telephone\":\"(37) 99842-5465\"}]}<\/script>\n<meta name=\"geo.placename\" content=\"Lagoa da Prata\" \/>\n<meta name=\"geo.position\" content=\"-20.031445;-45.5202471\" \/>\n<meta name=\"geo.region\" content=\"Brasil\" \/>\n<!-- \/ Yoast SEO Premium plugin. -->","yoast_head_json":{"title":"Anvisa abre consulta p\u00fablica sobre requisitos sanit\u00e1rios para servi\u00e7os odontol\u00f3gicos - RT Plataformas Digitais","robots":{"index":"index","follow":"follow","max-snippet":"max-snippet:-1","max-image-preview":"max-image-preview:large","max-video-preview":"max-video-preview:-1"},"canonical":"https:\/\/rtpd.com.br\/solucoes\/index.php\/2024\/12\/27\/anvisa-consulta-publica-requisitos-sanitarios-servicos-odontologicos\/","og_locale":"pt_BR","og_type":"article","og_title":"Anvisa abre consulta p\u00fablica sobre requisitos sanit\u00e1rios para servi\u00e7os odontol\u00f3gicos","og_description":"Anvisa abre consulta p\u00fablica sobre requisitos sanit\u00e1rios para servi\u00e7os odontol\u00f3gicos Consulta P\u00fablica 1.301\/2024 Publicado em\u00a024\/12\/2024 12h29\u00a0Atualizado em\u00a026\/12\/2024 12h09 Anvisa abriu, nesta ter\u00e7a-feira (24\/12), uma consulta p\u00fablica sobre requisitos sanit\u00e1rios federais para as boas pr\u00e1ticas de funcionamento dos servi\u00e7os que prestam assist\u00eancia odontol\u00f3gica. \u00a0 Proposta est\u00e1 dispon\u00edvel para avalia\u00e7\u00e3o e contribui\u00e7\u00f5es at\u00e9 o dia 24 de&hellip; Continuar lendo Anvisa abre consulta p\u00fablica sobre requisitos sanit\u00e1rios para servi\u00e7os odontol\u00f3gicos","og_url":"https:\/\/rtpd.com.br\/solucoes\/index.php\/2024\/12\/27\/anvisa-consulta-publica-requisitos-sanitarios-servicos-odontologicos\/","og_site_name":"RT Plataformas Digitais","article_publisher":"https:\/\/www.facebook.com\/rtplataformas\/","article_published_time":"2024-12-27T10:31:04+00:00","article_modified_time":"2025-08-06T10:26:26+00:00","og_image":[{"width":940,"height":788,"url":"https:\/\/rtpd.com.br\/solucoes\/wp-content\/uploads\/2024\/09\/POP-Anvvisa.png","type":"image\/png"}],"author":"RT Plataformas Digitais","twitter_card":"summary_large_image","twitter_creator":"@digitaisrt","twitter_site":"@digitaisrt","twitter_misc":{"Escrito por":"RT Plataformas Digitais","Est. tempo de leitura":"25 minutos"},"schema":{"@context":"https:\/\/schema.org","@graph":[{"@type":"Article","@id":"https:\/\/rtpd.com.br\/solucoes\/index.php\/2024\/12\/27\/anvisa-consulta-publica-requisitos-sanitarios-servicos-odontologicos\/#article","isPartOf":{"@id":"https:\/\/rtpd.com.br\/solucoes\/index.php\/2024\/12\/27\/anvisa-consulta-publica-requisitos-sanitarios-servicos-odontologicos\/"},"author":{"name":"RT Plataformas Digitais","@id":"https:\/\/rtpd.com.br\/solucoes\/#\/schema\/person\/ba2860d43dee24278a91ecfc40a7eb69"},"headline":"Anvisa abre consulta p\u00fablica sobre requisitos sanit\u00e1rios para servi\u00e7os odontol\u00f3gicos","datePublished":"2024-12-27T10:31:04+00:00","dateModified":"2025-08-06T10:26:26+00:00","mainEntityOfPage":{"@id":"https:\/\/rtpd.com.br\/solucoes\/index.php\/2024\/12\/27\/anvisa-consulta-publica-requisitos-sanitarios-servicos-odontologicos\/"},"wordCount":4452,"commentCount":0,"publisher":{"@id":"https:\/\/rtpd.com.br\/solucoes\/#organization"},"articleSection":["POP Est\u00e9tica","Tecnologia Cloud Computing Lagoa da Prata - MG"],"inLanguage":"pt-BR","potentialAction":[{"@type":"CommentAction","name":"Comment","target":["https:\/\/rtpd.com.br\/solucoes\/index.php\/2024\/12\/27\/anvisa-consulta-publica-requisitos-sanitarios-servicos-odontologicos\/#respond"]}]},{"@type":"WebPage","@id":"https:\/\/rtpd.com.br\/solucoes\/index.php\/2024\/12\/27\/anvisa-consulta-publica-requisitos-sanitarios-servicos-odontologicos\/","url":"https:\/\/rtpd.com.br\/solucoes\/index.php\/2024\/12\/27\/anvisa-consulta-publica-requisitos-sanitarios-servicos-odontologicos\/","name":"Anvisa abre consulta p\u00fablica sobre requisitos sanit\u00e1rios para servi\u00e7os odontol\u00f3gicos - RT Plataformas Digitais","isPartOf":{"@id":"https:\/\/rtpd.com.br\/solucoes\/#website"},"datePublished":"2024-12-27T10:31:04+00:00","dateModified":"2025-08-06T10:26:26+00:00","breadcrumb":{"@id":"https:\/\/rtpd.com.br\/solucoes\/index.php\/2024\/12\/27\/anvisa-consulta-publica-requisitos-sanitarios-servicos-odontologicos\/#breadcrumb"},"inLanguage":"pt-BR","potentialAction":[{"@type":"ReadAction","target":["https:\/\/rtpd.com.br\/solucoes\/index.php\/2024\/12\/27\/anvisa-consulta-publica-requisitos-sanitarios-servicos-odontologicos\/"]}]},{"@type":"BreadcrumbList","@id":"https:\/\/rtpd.com.br\/solucoes\/index.php\/2024\/12\/27\/anvisa-consulta-publica-requisitos-sanitarios-servicos-odontologicos\/#breadcrumb","itemListElement":[{"@type":"ListItem","position":1,"name":"In\u00edcio","item":"https:\/\/rtpd.com.br\/solucoes\/"},{"@type":"ListItem","position":2,"name":"Anvisa abre consulta p\u00fablica sobre requisitos sanit\u00e1rios para servi\u00e7os odontol\u00f3gicos"}]},{"@type":"WebSite","@id":"https:\/\/rtpd.com.br\/solucoes\/#website","url":"https:\/\/rtpd.com.br\/solucoes\/","name":"RT Plataformas Digitais","description":"Desenvolvimento de Aplica\u00e7\u00f5es Cloud, Android e iOS. Emiss\u00e3o de POP Est\u00e9tica, Barbearias e Espa\u00e7o de Beleza.","publisher":{"@id":"https:\/\/rtpd.com.br\/solucoes\/#organization"},"alternateName":"RTPD","potentialAction":[{"@type":"SearchAction","target":{"@type":"EntryPoint","urlTemplate":"https:\/\/rtpd.com.br\/solucoes\/?s={search_term_string}"},"query-input":"required name=search_term_string"}],"inLanguage":"pt-BR"},{"@type":["Organization","Place"],"@id":"https:\/\/rtpd.com.br\/solucoes\/#organization","name":"RT Plataformas Digitais","alternateName":"RTPD","url":"https:\/\/rtpd.com.br\/solucoes\/","logo":{"@type":"ImageObject","inLanguage":"pt-BR","@id":"https:\/\/rtpd.com.br\/solucoes\/#\/schema\/logo\/image\/","url":"https:\/\/rtpd.com.br\/solucoes\/wp-content\/uploads\/2025\/07\/RT-Plataformas-Digitais.png","contentUrl":"https:\/\/rtpd.com.br\/solucoes\/wp-content\/uploads\/2025\/07\/RT-Plataformas-Digitais.png","width":512,"height":512,"caption":"RT Plataformas Digitais"},"image":{"@id":"https:\/\/rtpd.com.br\/solucoes\/#\/schema\/logo\/image\/"},"sameAs":["https:\/\/www.facebook.com\/rtplataformas\/","https:\/\/twitter.com\/digitaisrt"],"location":{"@id":"https:\/\/rtpd.com.br\/solucoes\/index.php\/2024\/12\/27\/anvisa-consulta-publica-requisitos-sanitarios-servicos-odontologicos\/#local-place"},"address":{"@id":"https:\/\/rtpd.com.br\/solucoes\/index.php\/2024\/12\/27\/anvisa-consulta-publica-requisitos-sanitarios-servicos-odontologicos\/#local-place-address"},"email":"comercial@rtpd.com.br","telephone":"(37) 99842-5465","areaServed":"Brasil","vatID":"14.999.798\/0001-31","taxID":"028.577.876-50"},{"@type":"Person","@id":"https:\/\/rtpd.com.br\/solucoes\/#\/schema\/person\/ba2860d43dee24278a91ecfc40a7eb69","name":"RT Plataformas Digitais","sameAs":["http:\/\/autocenter.app.br\/solucoes"],"url":"https:\/\/rtpd.com.br\/solucoes\/index.php\/author\/site_rtpd\/"},{"@type":"Place","@id":"https:\/\/rtpd.com.br\/solucoes\/index.php\/2024\/12\/27\/anvisa-consulta-publica-requisitos-sanitarios-servicos-odontologicos\/#local-place","address":{"@type":"PostalAddress","@id":"https:\/\/rtpd.com.br\/solucoes\/index.php\/2024\/12\/27\/anvisa-consulta-publica-requisitos-sanitarios-servicos-odontologicos\/#local-place-address","streetAddress":"Rua Marcio Francisco Rabelo, 127 Maria Fernanda II","addressLocality":"Lagoa da Prata","postalCode":"35592-168","addressRegion":"Minas Gerais","addressCountry":"BR"},"geo":{"@type":"GeoCoordinates","latitude":"-20.031445","longitude":"-45.5202471"},"openingHoursSpecification":[],"telephone":"(37) 99842-5465"}]}},"_links":{"self":[{"href":"https:\/\/rtpd.com.br\/solucoes\/index.php\/wp-json\/wp\/v2\/posts\/7688","targetHints":{"allow":["GET"]}}],"collection":[{"href":"https:\/\/rtpd.com.br\/solucoes\/index.php\/wp-json\/wp\/v2\/posts"}],"about":[{"href":"https:\/\/rtpd.com.br\/solucoes\/index.php\/wp-json\/wp\/v2\/types\/post"}],"author":[{"embeddable":true,"href":"https:\/\/rtpd.com.br\/solucoes\/index.php\/wp-json\/wp\/v2\/users\/1"}],"replies":[{"embeddable":true,"href":"https:\/\/rtpd.com.br\/solucoes\/index.php\/wp-json\/wp\/v2\/comments?post=7688"}],"version-history":[{"count":40,"href":"https:\/\/rtpd.com.br\/solucoes\/index.php\/wp-json\/wp\/v2\/posts\/7688\/revisions"}],"predecessor-version":[{"id":10950,"href":"https:\/\/rtpd.com.br\/solucoes\/index.php\/wp-json\/wp\/v2\/posts\/7688\/revisions\/10950"}],"wp:featuredmedia":[{"embeddable":true,"href":"https:\/\/rtpd.com.br\/solucoes\/index.php\/wp-json\/wp\/v2\/media\/7090"}],"wp:attachment":[{"href":"https:\/\/rtpd.com.br\/solucoes\/index.php\/wp-json\/wp\/v2\/media?parent=7688"}],"wp:term":[{"taxonomy":"category","embeddable":true,"href":"https:\/\/rtpd.com.br\/solucoes\/index.php\/wp-json\/wp\/v2\/categories?post=7688"},{"taxonomy":"post_tag","embeddable":true,"href":"https:\/\/rtpd.com.br\/solucoes\/index.php\/wp-json\/wp\/v2\/tags?post=7688"}],"curies":[{"name":"wp","href":"https:\/\/api.w.org\/{rel}","templated":true}]}}